{"id":29689,"date":"2024-04-09T09:20:39","date_gmt":"2024-04-09T07:20:39","guid":{"rendered":"https:\/\/agora.xtec.cat\/institutmontserratroig\/?p=29689"},"modified":"2024-04-09T09:50:02","modified_gmt":"2024-04-09T07:50:02","slug":"participacio-a-la-primera-olimpiada-de-dibuix-tecnic-de-catalunya","status":"publish","type":"post","link":"https:\/\/agora.xtec.cat\/institutmontserratroig\/portada\/participacio-a-la-primera-olimpiada-de-dibuix-tecnic-de-catalunya\/","title":{"rendered":"Participaci\u00f3 a la primera Olimp\u00edada de Dibuix T\u00e8cnic de Catalunya"},"content":{"rendered":"<p style=\"text-align: justify;\">Hugo Bosque, Jan Garcia i Diego Piminchumo, alumnes de 2n de Batxillerat, s&#8217;han presentat a la primera Olimp\u00edada de Dibuix T\u00e8cnic de Catalunya, celebrada a la Facultat de Belles Arts el dissabte 6 d&#8217;abril.<\/p>\n<p><!--more--><\/p>\n<table style=\"width: 100%; border: none;\">\n<tbody>\n<tr>\n<td style=\"text-align: center; border: none;\"><a href=\"https:\/\/agora.xtec.cat\/institutmontserratroig\/wp-content\/uploads\/usu342\/2024\/04\/1a-foto-alumnes-2n-Batx.jpg\"><img loading=\"lazy\" decoding=\"async\" class=\"aligncenter wp-image-29692\" src=\"https:\/\/agora.xtec.cat\/institutmontserratroig\/wp-content\/uploads\/usu342\/2024\/04\/1a-foto-alumnes-2n-Batx-768x1024.jpg\" alt=\"\" width=\"375\" height=\"500\" srcset=\"https:\/\/agora.xtec.cat\/institutmontserratroig\/wp-content\/uploads\/usu342\/2024\/04\/1a-foto-alumnes-2n-Batx-768x1024.jpg 768w, https:\/\/agora.xtec.cat\/institutmontserratroig\/wp-content\/uploads\/usu342\/2024\/04\/1a-foto-alumnes-2n-Batx-225x300.jpg 225w, https:\/\/agora.xtec.cat\/institutmontserratroig\/wp-content\/uploads\/usu342\/2024\/04\/1a-foto-alumnes-2n-Batx.jpg 1024w\" sizes=\"auto, (max-width: 375px) 100vw, 375px\" \/><\/a><\/td>\n<td style=\"text-align: center; border: none;\"><a href=\"https:\/\/agora.xtec.cat\/institutmontserratroig\/wp-content\/uploads\/usu342\/2024\/04\/2a-foto-alumnes-ultimant-prova.jpg\"><img loading=\"lazy\" decoding=\"async\" class=\"aligncenter wp-image-29693\" src=\"https:\/\/agora.xtec.cat\/institutmontserratroig\/wp-content\/uploads\/usu342\/2024\/04\/2a-foto-alumnes-ultimant-prova.jpg\" alt=\"\" width=\"667\" height=\"500\" srcset=\"https:\/\/agora.xtec.cat\/institutmontserratroig\/wp-content\/uploads\/usu342\/2024\/04\/2a-foto-alumnes-ultimant-prova.jpg 1024w, https:\/\/agora.xtec.cat\/institutmontserratroig\/wp-content\/uploads\/usu342\/2024\/04\/2a-foto-alumnes-ultimant-prova-300x225.jpg 300w, https:\/\/agora.xtec.cat\/institutmontserratroig\/wp-content\/uploads\/usu342\/2024\/04\/2a-foto-alumnes-ultimant-prova-768x576.jpg 768w, https:\/\/agora.xtec.cat\/institutmontserratroig\/wp-content\/uploads\/usu342\/2024\/04\/2a-foto-alumnes-ultimant-prova-200x150.jpg 200w\" sizes=\"auto, (max-width: 667px) 100vw, 667px\" \/><\/a><\/td>\n<td style=\"text-align: center; border: none;\"><a href=\"https:\/\/agora.xtec.cat\/institutmontserratroig\/wp-content\/uploads\/usu342\/2024\/04\/3a-foto-taula-Rodona-Facultat-BA.jpg\"><img loading=\"lazy\" decoding=\"async\" class=\"aligncenter wp-image-29694\" src=\"https:\/\/agora.xtec.cat\/institutmontserratroig\/wp-content\/uploads\/usu342\/2024\/04\/3a-foto-taula-Rodona-Facultat-BA.jpg\" alt=\"\" width=\"667\" height=\"500\" srcset=\"https:\/\/agora.xtec.cat\/institutmontserratroig\/wp-content\/uploads\/usu342\/2024\/04\/3a-foto-taula-Rodona-Facultat-BA.jpg 1024w, https:\/\/agora.xtec.cat\/institutmontserratroig\/wp-content\/uploads\/usu342\/2024\/04\/3a-foto-taula-Rodona-Facultat-BA-300x225.jpg 300w, https:\/\/agora.xtec.cat\/institutmontserratroig\/wp-content\/uploads\/usu342\/2024\/04\/3a-foto-taula-Rodona-Facultat-BA-768x576.jpg 768w, https:\/\/agora.xtec.cat\/institutmontserratroig\/wp-content\/uploads\/usu342\/2024\/04\/3a-foto-taula-Rodona-Facultat-BA-200x150.jpg 200w\" sizes=\"auto, (max-width: 667px) 100vw, 667px\" \/><\/a><\/td>\n<\/tr>\n<\/tbody>\n<\/table>\n<p style=\"text-align: justify;\">L&#8217;acte consistia en dues proves: la primera, de 40&#8242; de durada, era un test de 20 preguntes de resposta m\u00faltiple i la segona, d&#8217;1\u202fh i 30&#8242;, consistia en dos exercicis, un de geometria plana i l&#8217;altre de resoluci\u00f3 di\u00e8drica (3 i 7 punts respectivament). Aquesta segona part amb un valor del 80% de la puntuaci\u00f3 total.<\/p>\n<p style=\"text-align: justify;\">Els nostres alumnes van arribar puntualment a la cita, a les 9\u202fh del mat\u00ed, amb els seus estris de Dibuix T\u00e8cnic, i van resistir fins a l&#8217;\u00faltim moment intentant acabar la segona prova, que era prou complexa.<\/p>\n<p style=\"text-align: justify;\">En acabar, van assistir a la Taula Rodona que es va fer a l&#8217;Aula Magna, amb el Deg\u00e0 de la Facultat de Belles Arts. Dr. Eugeni Bold\u00fa Montoro, entre altres personalitats, tamb\u00e9 de l&#8217;Escola d&#8217;Arquitectura, relacionats amb la mat\u00e8ria, on es va parlar de la conveni\u00e8ncia o no, en el m\u00f3n de la digitalitzaci\u00f3, de continuar impartint aquesta mat\u00e8ria com fins ara, fent exercitar el cervell per entendre posicions i projeccions de dificultat elevada.<\/p>\n<p style=\"text-align: justify;\">Malgrat que cap dels tres alumnes ha aconseguit cap premi, el seu inter\u00e8s, dedicaci\u00f3 i extrema voluntat han estat immillorables. L&#8217;acte va acabar a les 14:30 h amb l&#8217;entrega dels premis i els nostres alumnes van aplaudir els guanyadors. Una experi\u00e8ncia molt enriquidora!<\/p>\n<table style=\"width: 100%; border: none;\">\n<tbody>\n<tr>\n<td style=\"text-align: center; border: none;\"><iframe loading=\"lazy\" title=\"YouTube video player\" src=\"https:\/\/www.youtube.com\/embed\/jUbw0ytqcxI?si=MvVPViQJUKNq8_Ap\" width=\"800\" height=\"450\" frameborder=\"0\" allowfullscreen=\"allowfullscreen\"><\/iframe><\/td>\n<\/tr>\n<\/tbody>\n<\/table>\n","protected":false},"excerpt":{"rendered":"<p>Hugo Bosque, Jan Garcia i Diego Piminchumo, alumnes de 2n de Batxillerat, s&#8217;han presentat a la primera Olimp\u00edada de Dibuix T\u00e8cnic de Catalunya, celebrada a la Facultat de Belles Arts el dissabte 6 d&#8217;abril.<\/p>\n","protected":false},"author":1,"featured_media":29697,"comment_status":"open","ping_status":"closed","sticky":false,"template":"","format":"standard","meta":{"_bbp_topic_count":0,"_bbp_reply_count":0,"_bbp_total_topic_count":0,"_bbp_total_reply_count":0,"_bbp_voice_count":0,"_bbp_anonymous_reply_count":0,"_bbp_topic_count_hidden":0,"_bbp_reply_count_hidden":0,"_bbp_forum_subforum_count":0,"footnotes":""},"categories":[67,452,101,325,29],"tags":[133,346],"class_list":["post-29689","post","type-post","status-publish","format-standard","has-post-thumbnail","hentry","category-2n-de-batxillerat","category-curs-2023-24","category-educacio-visual-i-plastica","category-ins-montserrat-roig","category-portada","tag-alumnat","tag-concurs"],"post_mailing_queue_ids":[],"_links":{"self":[{"href":"https:\/\/agora.xtec.cat\/institutmontserratroig\/wp-json\/wp\/v2\/posts\/29689","targetHints":{"allow":["GET"]}}],"collection":[{"href":"https:\/\/agora.xtec.cat\/institutmontserratroig\/wp-json\/wp\/v2\/posts"}],"about":[{"href":"https:\/\/agora.xtec.cat\/institutmontserratroig\/wp-json\/wp\/v2\/types\/post"}],"author":[{"embeddable":true,"href":"https:\/\/agora.xtec.cat\/institutmontserratroig\/wp-json\/wp\/v2\/users\/1"}],"replies":[{"embeddable":true,"href":"https:\/\/agora.xtec.cat\/institutmontserratroig\/wp-json\/wp\/v2\/comments?post=29689"}],"version-history":[{"count":4,"href":"https:\/\/agora.xtec.cat\/institutmontserratroig\/wp-json\/wp\/v2\/posts\/29689\/revisions"}],"predecessor-version":[{"id":29699,"href":"https:\/\/agora.xtec.cat\/institutmontserratroig\/wp-json\/wp\/v2\/posts\/29689\/revisions\/29699"}],"wp:featuredmedia":[{"embeddable":true,"href":"https:\/\/agora.xtec.cat\/institutmontserratroig\/wp-json\/wp\/v2\/media\/29697"}],"wp:attachment":[{"href":"https:\/\/agora.xtec.cat\/institutmontserratroig\/wp-json\/wp\/v2\/media?parent=29689"}],"wp:term":[{"taxonomy":"category","embeddable":true,"href":"https:\/\/agora.xtec.cat\/institutmontserratroig\/wp-json\/wp\/v2\/categories?post=29689"},{"taxonomy":"post_tag","embeddable":true,"href":"https:\/\/agora.xtec.cat\/institutmontserratroig\/wp-json\/wp\/v2\/tags?post=29689"}],"curies":[{"name":"wp","href":"https:\/\/api.w.org\/{rel}","templated":true}]}}