{"id":29263,"date":"2024-02-16T14:30:10","date_gmt":"2024-02-16T13:30:10","guid":{"rendered":"https:\/\/agora.xtec.cat\/institutmontserratroig\/?p=29263"},"modified":"2024-02-17T13:52:19","modified_gmt":"2024-02-17T12:52:19","slug":"viatjant-a-les-arrels-de-la-civilitzacio","status":"publish","type":"post","link":"https:\/\/agora.xtec.cat\/institutmontserratroig\/batxillerat\/viatjant-a-les-arrels-de-la-civilitzacio\/","title":{"rendered":"Viatjant a les arrels de la civilitzaci\u00f3!"},"content":{"rendered":"<p>Avui arrenca el viatge dels alumnes de batxillerat a la terra bressol de la democr\u00e0cia i la filosofia. Que tingueu una molt bona estada a Gr\u00e8cia!<\/p>\n<p><a href=\"https:\/\/agora.xtec.cat\/institutmontserratroig\/wp-content\/uploads\/usu342\/2024\/02\/1708085535307.jpg\"><img loading=\"lazy\" decoding=\"async\" class=\"size-large wp-image-29268 aligncenter\" src=\"https:\/\/agora.xtec.cat\/institutmontserratroig\/wp-content\/uploads\/usu342\/2024\/02\/1708085535307-1024x658.jpg\" alt=\"\" width=\"1024\" height=\"658\" srcset=\"https:\/\/agora.xtec.cat\/institutmontserratroig\/wp-content\/uploads\/usu342\/2024\/02\/1708085535307-1024x658.jpg 1024w, https:\/\/agora.xtec.cat\/institutmontserratroig\/wp-content\/uploads\/usu342\/2024\/02\/1708085535307-300x193.jpg 300w, https:\/\/agora.xtec.cat\/institutmontserratroig\/wp-content\/uploads\/usu342\/2024\/02\/1708085535307-768x494.jpg 768w, https:\/\/agora.xtec.cat\/institutmontserratroig\/wp-content\/uploads\/usu342\/2024\/02\/1708085535307.jpg 1399w\" sizes=\"auto, (max-width: 1024px) 100vw, 1024px\" \/><\/a><\/p>\n<h5 style=\"text-align: center;\"><a href=\"https:\/\/photos.app.goo.gl\/KXePRD52jjrxeiyV6\" target=\"_blank\" rel=\"noopener\">Fotos del viatge<\/a><\/h5>\n","protected":false},"excerpt":{"rendered":"<p>Avui arrenca el viatge dels alumnes de batxillerat a la terra bressol de la democr\u00e0cia i la filosofia. Que tingueu una molt bona estada a Gr\u00e8cia!<br \/>\n<a href=\"https:\/\/agora.xtec.cat\/institutmontserratroig\/wp-content\/uploads\/usu342\/2024\/02\/1708085535307.jpg\"><\/a><br \/>\n<a href=\"https:\/\/photos.app.goo.gl\/KXePRD52jjrxeiyV6\" target=\"_blank\" rel=\"noopener\">Fotos del viatge<\/a><\/p>\n","protected":false},"author":1,"featured_media":29270,"comment_status":"open","ping_status":"closed","sticky":false,"template":"","format":"standard","meta":{"_bbp_topic_count":0,"_bbp_reply_count":0,"_bbp_total_topic_count":0,"_bbp_total_reply_count":0,"_bbp_voice_count":0,"_bbp_anonymous_reply_count":0,"_bbp_topic_count_hidden":0,"_bbp_reply_count_hidden":0,"_bbp_forum_subforum_count":0,"footnotes":""},"categories":[67,8,99,452,325,29,91],"tags":[427],"class_list":["post-29263","post","type-post","status-publish","format-standard","has-post-thumbnail","hentry","category-2n-de-batxillerat","category-batxillerat","category-classiques","category-curs-2023-24","category-ins-montserrat-roig","category-portada","category-viatges","tag-grecia"],"post_mailing_queue_ids":[],"_links":{"self":[{"href":"https:\/\/agora.xtec.cat\/institutmontserratroig\/wp-json\/wp\/v2\/posts\/29263","targetHints":{"allow":["GET"]}}],"collection":[{"href":"https:\/\/agora.xtec.cat\/institutmontserratroig\/wp-json\/wp\/v2\/posts"}],"about":[{"href":"https:\/\/agora.xtec.cat\/institutmontserratroig\/wp-json\/wp\/v2\/types\/post"}],"author":[{"embeddable":true,"href":"https:\/\/agora.xtec.cat\/institutmontserratroig\/wp-json\/wp\/v2\/users\/1"}],"replies":[{"embeddable":true,"href":"https:\/\/agora.xtec.cat\/institutmontserratroig\/wp-json\/wp\/v2\/comments?post=29263"}],"version-history":[{"count":4,"href":"https:\/\/agora.xtec.cat\/institutmontserratroig\/wp-json\/wp\/v2\/posts\/29263\/revisions"}],"predecessor-version":[{"id":29282,"href":"https:\/\/agora.xtec.cat\/institutmontserratroig\/wp-json\/wp\/v2\/posts\/29263\/revisions\/29282"}],"wp:featuredmedia":[{"embeddable":true,"href":"https:\/\/agora.xtec.cat\/institutmontserratroig\/wp-json\/wp\/v2\/media\/29270"}],"wp:attachment":[{"href":"https:\/\/agora.xtec.cat\/institutmontserratroig\/wp-json\/wp\/v2\/media?parent=29263"}],"wp:term":[{"taxonomy":"category","embeddable":true,"href":"https:\/\/agora.xtec.cat\/institutmontserratroig\/wp-json\/wp\/v2\/categories?post=29263"},{"taxonomy":"post_tag","embeddable":true,"href":"https:\/\/agora.xtec.cat\/institutmontserratroig\/wp-json\/wp\/v2\/tags?post=29263"}],"curies":[{"name":"wp","href":"https:\/\/api.w.org\/{rel}","templated":true}]}}