{"id":28799,"date":"2024-01-19T23:19:55","date_gmt":"2024-01-19T22:19:55","guid":{"rendered":"https:\/\/agora.xtec.cat\/institutmontserratroig\/?p=28799"},"modified":"2024-01-22T23:24:22","modified_gmt":"2024-01-22T22:24:22","slug":"jornades-de-portes-obertes-a-la-uab","status":"publish","type":"post","link":"https:\/\/agora.xtec.cat\/institutmontserratroig\/batxillerat\/jornades-de-portes-obertes-a-la-uab\/","title":{"rendered":"Jornades de Portes Obertes a la UAB"},"content":{"rendered":"<p style=\"text-align: justify;\">El campus de la UAB <a href=\"https:\/\/www.uab.cat\/web\/estudis\/visita-la-uab\/jornades-de-portes-obertes-1345662188932.html\" target=\"_blank\" rel=\"noopener\">obrir\u00e0 les portes<\/a> als futurs estudiants el 7, 8 i 9 de febrer de 2024, on podr\u00e0s assistir a prop de 400 xerrades en tot el campus perqu\u00e8 puguis con\u00e8ixer com \u00e9s l\u2019oferta formativa de la UAB. A m\u00e9s, podr\u00e0s fer una passejada pel campus i descobrir serveis com la Vila Universit\u00e0ria, les biblioteques, les cafeteries i el Servei d\u2019Activitat F\u00edsica.<\/p>\n<p><a href=\"https:\/\/www.uab.cat\/web\/estudis\/visita-la-uab\/jornades-de-portes-obertes-1345662188932.html\" target=\"_blank\" rel=\"noopener\"><img loading=\"lazy\" decoding=\"async\" class=\"size-full wp-image-28800 aligncenter\" src=\"https:\/\/agora.xtec.cat\/institutmontserratroig\/wp-content\/uploads\/usu342\/2024\/01\/Captura-de-Pantalla-2024-01-22-a-les-23.19.31.png\" alt=\"\" width=\"497\" height=\"189\" srcset=\"https:\/\/agora.xtec.cat\/institutmontserratroig\/wp-content\/uploads\/usu342\/2024\/01\/Captura-de-Pantalla-2024-01-22-a-les-23.19.31.png 497w, https:\/\/agora.xtec.cat\/institutmontserratroig\/wp-content\/uploads\/usu342\/2024\/01\/Captura-de-Pantalla-2024-01-22-a-les-23.19.31-300x114.png 300w\" sizes=\"auto, (max-width: 497px) 100vw, 497px\" \/><\/a><\/p>\n","protected":false},"excerpt":{"rendered":"<p>El campus de la UAB <a href=\"https:\/\/www.uab.cat\/web\/estudis\/visita-la-uab\/jornades-de-portes-obertes-1345662188932.html\" target=\"_blank\" rel=\"noopener\">obrir\u00e0 les portes<\/a> als futurs estudiants el 7, 8 i 9 de febrer de 2024, on podr\u00e0s assistir a prop de 400 xerrades en tot el campus perqu\u00e8 puguis con\u00e8ixer com \u00e9s l\u2019oferta formativa de la UAB.&hellip;  <a href=\"https:\/\/agora.xtec.cat\/institutmontserratroig\/batxillerat\/jornades-de-portes-obertes-a-la-uab\/\" title=\"Read Jornades de Portes Obertes a la UAB\">Llegeix m\u00e9s\u00bb<\/a><\/p>\n","protected":false},"author":1,"featured_media":28800,"comment_status":"open","ping_status":"closed","sticky":false,"template":"","format":"standard","meta":{"_bbp_topic_count":0,"_bbp_reply_count":0,"_bbp_total_topic_count":0,"_bbp_total_reply_count":0,"_bbp_voice_count":0,"_bbp_anonymous_reply_count":0,"_bbp_topic_count_hidden":0,"_bbp_reply_count_hidden":0,"_bbp_forum_subforum_count":0,"footnotes":""},"categories":[8,452,325,29],"tags":[130,89],"class_list":["post-28799","post","type-post","status-publish","format-standard","has-post-thumbnail","hentry","category-batxillerat","category-curs-2023-24","category-ins-montserrat-roig","category-portada","tag-portes-obertes","tag-universitat"],"post_mailing_queue_ids":[],"_links":{"self":[{"href":"https:\/\/agora.xtec.cat\/institutmontserratroig\/wp-json\/wp\/v2\/posts\/28799","targetHints":{"allow":["GET"]}}],"collection":[{"href":"https:\/\/agora.xtec.cat\/institutmontserratroig\/wp-json\/wp\/v2\/posts"}],"about":[{"href":"https:\/\/agora.xtec.cat\/institutmontserratroig\/wp-json\/wp\/v2\/types\/post"}],"author":[{"embeddable":true,"href":"https:\/\/agora.xtec.cat\/institutmontserratroig\/wp-json\/wp\/v2\/users\/1"}],"replies":[{"embeddable":true,"href":"https:\/\/agora.xtec.cat\/institutmontserratroig\/wp-json\/wp\/v2\/comments?post=28799"}],"version-history":[{"count":2,"href":"https:\/\/agora.xtec.cat\/institutmontserratroig\/wp-json\/wp\/v2\/posts\/28799\/revisions"}],"predecessor-version":[{"id":29227,"href":"https:\/\/agora.xtec.cat\/institutmontserratroig\/wp-json\/wp\/v2\/posts\/28799\/revisions\/29227"}],"wp:featuredmedia":[{"embeddable":true,"href":"https:\/\/agora.xtec.cat\/institutmontserratroig\/wp-json\/wp\/v2\/media\/28800"}],"wp:attachment":[{"href":"https:\/\/agora.xtec.cat\/institutmontserratroig\/wp-json\/wp\/v2\/media?parent=28799"}],"wp:term":[{"taxonomy":"category","embeddable":true,"href":"https:\/\/agora.xtec.cat\/institutmontserratroig\/wp-json\/wp\/v2\/categories?post=28799"},{"taxonomy":"post_tag","embeddable":true,"href":"https:\/\/agora.xtec.cat\/institutmontserratroig\/wp-json\/wp\/v2\/tags?post=28799"}],"curies":[{"name":"wp","href":"https:\/\/api.w.org\/{rel}","templated":true}]}}