{"id":28277,"date":"2023-11-13T23:48:24","date_gmt":"2023-11-13T22:48:24","guid":{"rendered":"https:\/\/agora.xtec.cat\/institutmontserratroig\/?p=28277"},"modified":"2023-11-13T23:48:24","modified_gmt":"2023-11-13T22:48:24","slug":"obro-feel-el-xat-de-suport-emocional","status":"publish","type":"post","link":"https:\/\/agora.xtec.cat\/institutmontserratroig\/portada\/obro-feel-el-xat-de-suport-emocional\/","title":{"rendered":"Obro feel, el xat de suport emocional"},"content":{"rendered":"<h4 style=\"text-align: center;\">Obro feel, el xat de suport emocional de la Secretaria d&#8217;Inf\u00e0ncia, Adolesc\u00e8ncia i Joventut<\/h4>\n<p style=\"text-align: justify;\"><a href=\"https:\/\/jovecat.gencat.cat\/ca\/actualitat\/noticies\/detalls\/Noticia\/obro-feel\" target=\"_blank\" rel=\"noopener\"><strong>Obro feel<\/strong> \u00e9s un xat de suport emocional a trav\u00e9s de WhatsApp<\/a>. \u00c9s totalment gratu\u00eft, immediat i confidencial. Nom\u00e9s cal afegir el n\u00famero de tel\u00e8fon 680 354 155 als teus contactes i iniciar una conversa mitjan\u00e7ant Whatsapp.<\/p>\n<p><a href=\"https:\/\/jovecat.gencat.cat\/ca\/actualitat\/noticies\/detalls\/Noticia\/obro-feel\" target=\"_blank\" rel=\"noopener\"><img loading=\"lazy\" decoding=\"async\" class=\"size-full wp-image-28278 aligncenter\" src=\"https:\/\/agora.xtec.cat\/institutmontserratroig\/wp-content\/uploads\/usu342\/2023\/11\/imatge-xat-obro-feel.jpeg\" alt=\"\" width=\"750\" height=\"376\" srcset=\"https:\/\/agora.xtec.cat\/institutmontserratroig\/wp-content\/uploads\/usu342\/2023\/11\/imatge-xat-obro-feel.jpeg 750w, https:\/\/agora.xtec.cat\/institutmontserratroig\/wp-content\/uploads\/usu342\/2023\/11\/imatge-xat-obro-feel-300x150.jpeg 300w\" sizes=\"auto, (max-width: 750px) 100vw, 750px\" \/><\/a><\/p>\n","protected":false},"excerpt":{"rendered":"<p>Obro feel, el xat de suport emocional de la Secretaria d&#8217;Inf\u00e0ncia, Adolesc\u00e8ncia i Joventut<br \/>\n<a href=\"https:\/\/jovecat.gencat.cat\/ca\/actualitat\/noticies\/detalls\/Noticia\/obro-feel\" target=\"_blank\" rel=\"noopener\">Obro feel \u00e9s un xat de suport emocional a trav\u00e9s de WhatsApp<\/a>. \u00c9s totalment gratu\u00eft, immediat i confidencial. Nom\u00e9s cal afegir el n\u00famero de tel\u00e8fon 680 354 155 als&hellip;  <a href=\"https:\/\/agora.xtec.cat\/institutmontserratroig\/portada\/obro-feel-el-xat-de-suport-emocional\/\" title=\"Read Obro feel, el xat de suport emocional\">Llegeix m\u00e9s\u00bb<\/a><\/p>\n","protected":false},"author":1,"featured_media":28279,"comment_status":"open","ping_status":"closed","sticky":false,"template":"","format":"standard","meta":{"_bbp_topic_count":0,"_bbp_reply_count":0,"_bbp_total_topic_count":0,"_bbp_total_reply_count":0,"_bbp_voice_count":0,"_bbp_anonymous_reply_count":0,"_bbp_topic_count_hidden":0,"_bbp_reply_count_hidden":0,"_bbp_forum_subforum_count":0,"footnotes":""},"categories":[452,325,29],"tags":[],"class_list":["post-28277","post","type-post","status-publish","format-standard","has-post-thumbnail","hentry","category-curs-2023-24","category-ins-montserrat-roig","category-portada"],"post_mailing_queue_ids":[],"_links":{"self":[{"href":"https:\/\/agora.xtec.cat\/institutmontserratroig\/wp-json\/wp\/v2\/posts\/28277","targetHints":{"allow":["GET"]}}],"collection":[{"href":"https:\/\/agora.xtec.cat\/institutmontserratroig\/wp-json\/wp\/v2\/posts"}],"about":[{"href":"https:\/\/agora.xtec.cat\/institutmontserratroig\/wp-json\/wp\/v2\/types\/post"}],"author":[{"embeddable":true,"href":"https:\/\/agora.xtec.cat\/institutmontserratroig\/wp-json\/wp\/v2\/users\/1"}],"replies":[{"embeddable":true,"href":"https:\/\/agora.xtec.cat\/institutmontserratroig\/wp-json\/wp\/v2\/comments?post=28277"}],"version-history":[{"count":1,"href":"https:\/\/agora.xtec.cat\/institutmontserratroig\/wp-json\/wp\/v2\/posts\/28277\/revisions"}],"predecessor-version":[{"id":28280,"href":"https:\/\/agora.xtec.cat\/institutmontserratroig\/wp-json\/wp\/v2\/posts\/28277\/revisions\/28280"}],"wp:featuredmedia":[{"embeddable":true,"href":"https:\/\/agora.xtec.cat\/institutmontserratroig\/wp-json\/wp\/v2\/media\/28279"}],"wp:attachment":[{"href":"https:\/\/agora.xtec.cat\/institutmontserratroig\/wp-json\/wp\/v2\/media?parent=28277"}],"wp:term":[{"taxonomy":"category","embeddable":true,"href":"https:\/\/agora.xtec.cat\/institutmontserratroig\/wp-json\/wp\/v2\/categories?post=28277"},{"taxonomy":"post_tag","embeddable":true,"href":"https:\/\/agora.xtec.cat\/institutmontserratroig\/wp-json\/wp\/v2\/tags?post=28277"}],"curies":[{"name":"wp","href":"https:\/\/api.w.org\/{rel}","templated":true}]}}