{"id":28222,"date":"2023-11-09T11:14:24","date_gmt":"2023-11-09T10:14:24","guid":{"rendered":"https:\/\/agora.xtec.cat\/institutmontserratroig\/?p=28222"},"modified":"2023-11-09T11:22:16","modified_gmt":"2023-11-09T10:22:16","slug":"enhorabona-lucas-laia-i-marti","status":"publish","type":"post","link":"https:\/\/agora.xtec.cat\/institutmontserratroig\/portada\/enhorabona-lucas-laia-i-marti\/","title":{"rendered":"Enhorabona Lucas, Laia i Mart\u00ed!"},"content":{"rendered":"<p style=\"text-align: justify;\">Dissabte passat va tenir lloc l&#8217;<a href=\"https:\/\/agora.xtec.cat\/institutmontserratroig\/portada\/acte-de-lliurament-de-les-distincions-de-les-pau\/\">Acte de lliurament de les Distincions PAU<\/a> on es va premiar amb mencions honor\u00edfiques a tot l\u2019alumnat d\u2019arreu de Catalunya que ha obtingut una nota de 9 o superior a la fase general de les PAU.<\/p>\n<p style=\"text-align: justify;\">Ens felicitem per tenir tres dels nostres alumnes entre aquesta colla d&#8217;excel\u00b7lents estudiants: el Lucas Alamo Acebal, la Laia Rovira Lloret i el Mart\u00ed Alsina Perpi\u00f1\u00e1n. Enhorabona i moltes felicitats!<\/p>\n<p><img loading=\"lazy\" decoding=\"async\" class=\"aligncenter wp-image-28223 size-full\" src=\"https:\/\/agora.xtec.cat\/institutmontserratroig\/wp-content\/uploads\/usu342\/2023\/11\/alumnes-distingits-PAU-2023.png\" alt=\"\" width=\"770\" height=\"322\" srcset=\"https:\/\/agora.xtec.cat\/institutmontserratroig\/wp-content\/uploads\/usu342\/2023\/11\/alumnes-distingits-PAU-2023.png 770w, https:\/\/agora.xtec.cat\/institutmontserratroig\/wp-content\/uploads\/usu342\/2023\/11\/alumnes-distingits-PAU-2023-300x125.png 300w, https:\/\/agora.xtec.cat\/institutmontserratroig\/wp-content\/uploads\/usu342\/2023\/11\/alumnes-distingits-PAU-2023-768x321.png 768w\" sizes=\"auto, (max-width: 770px) 100vw, 770px\" \/><\/p>\n","protected":false},"excerpt":{"rendered":"<p>Dissabte passat va tenir lloc l&#8217;<a href=\"https:\/\/agora.xtec.cat\/institutmontserratroig\/portada\/acte-de-lliurament-de-les-distincions-de-les-pau\/\">Acte de lliurament de les Distincions PAU<\/a> on es va premiar amb mencions honor\u00edfiques a tot l\u2019alumnat d\u2019arreu de Catalunya que ha obtingut una nota de 9 o superior a la fase general de les PAU.<br \/>\nEns felicitem per tenir&hellip;  <a href=\"https:\/\/agora.xtec.cat\/institutmontserratroig\/portada\/enhorabona-lucas-laia-i-marti\/\" title=\"Read Enhorabona Lucas, Laia i Mart\u00ed!\">Llegeix m\u00e9s\u00bb<\/a><\/p>\n","protected":false},"author":1,"featured_media":28223,"comment_status":"open","ping_status":"closed","sticky":false,"template":"","format":"standard","meta":{"_bbp_topic_count":0,"_bbp_reply_count":0,"_bbp_total_topic_count":0,"_bbp_total_reply_count":0,"_bbp_voice_count":0,"_bbp_anonymous_reply_count":0,"_bbp_topic_count_hidden":0,"_bbp_reply_count_hidden":0,"_bbp_forum_subforum_count":0,"footnotes":""},"categories":[452,325,29],"tags":[133,436],"class_list":["post-28222","post","type-post","status-publish","format-standard","has-post-thumbnail","hentry","category-curs-2023-24","category-ins-montserrat-roig","category-portada","tag-alumnat","tag-premis"],"post_mailing_queue_ids":[],"_links":{"self":[{"href":"https:\/\/agora.xtec.cat\/institutmontserratroig\/wp-json\/wp\/v2\/posts\/28222","targetHints":{"allow":["GET"]}}],"collection":[{"href":"https:\/\/agora.xtec.cat\/institutmontserratroig\/wp-json\/wp\/v2\/posts"}],"about":[{"href":"https:\/\/agora.xtec.cat\/institutmontserratroig\/wp-json\/wp\/v2\/types\/post"}],"author":[{"embeddable":true,"href":"https:\/\/agora.xtec.cat\/institutmontserratroig\/wp-json\/wp\/v2\/users\/1"}],"replies":[{"embeddable":true,"href":"https:\/\/agora.xtec.cat\/institutmontserratroig\/wp-json\/wp\/v2\/comments?post=28222"}],"version-history":[{"count":4,"href":"https:\/\/agora.xtec.cat\/institutmontserratroig\/wp-json\/wp\/v2\/posts\/28222\/revisions"}],"predecessor-version":[{"id":28227,"href":"https:\/\/agora.xtec.cat\/institutmontserratroig\/wp-json\/wp\/v2\/posts\/28222\/revisions\/28227"}],"wp:featuredmedia":[{"embeddable":true,"href":"https:\/\/agora.xtec.cat\/institutmontserratroig\/wp-json\/wp\/v2\/media\/28223"}],"wp:attachment":[{"href":"https:\/\/agora.xtec.cat\/institutmontserratroig\/wp-json\/wp\/v2\/media?parent=28222"}],"wp:term":[{"taxonomy":"category","embeddable":true,"href":"https:\/\/agora.xtec.cat\/institutmontserratroig\/wp-json\/wp\/v2\/categories?post=28222"},{"taxonomy":"post_tag","embeddable":true,"href":"https:\/\/agora.xtec.cat\/institutmontserratroig\/wp-json\/wp\/v2\/tags?post=28222"}],"curies":[{"name":"wp","href":"https:\/\/api.w.org\/{rel}","templated":true}]}}