{"id":28104,"date":"2023-11-02T20:27:19","date_gmt":"2023-11-02T19:27:19","guid":{"rendered":"https:\/\/agora.xtec.cat\/institutmontserratroig\/?p=28104"},"modified":"2023-11-02T21:06:18","modified_gmt":"2023-11-02T20:06:18","slug":"taller-sobre-el-canvi-climatic-a-1r-de-batxillerat","status":"publish","type":"post","link":"https:\/\/agora.xtec.cat\/institutmontserratroig\/portada\/taller-sobre-el-canvi-climatic-a-1r-de-batxillerat\/","title":{"rendered":"Taller sobre el canvi clim\u00e0tic a 1r de batxillerat"},"content":{"rendered":"<p style=\"text-align: justify;\">L&#8217;alumnat de Reptes de F\u00edsica i Qu\u00edmica de 1r de batxillerat ha realitzat el taller &#8220;<strong>Canvi Clim\u00e0tic: Com ens afectar\u00e0 la sequera<\/strong>&#8220;. El taller l&#8217;ha impartit d&#8217;ISGlobal &#8211; Institut per la salut global de Barcelona- i \u00e9s una activitat emmarcada dins de la <a href=\"https:\/\/lanitdelarecerca.cat\" target=\"_blank\" rel=\"noopener\">Nit de la Recerca Europea<\/a>, un esdeveniment p\u00fablic dedicat a la divulgaci\u00f3 de la ci\u00e8ncia que t\u00e9 com a\u00a0objectiu apropar la recerca, la innovaci\u00f3 i els seus protagonistes, els cient\u00edfics i cient\u00edfiques, a l&#8217;alumnat d\u2019una forma planera i divertida.<\/p>\n\n\t\t<style type=\"text\/css\">\n\t\t\t#gallery-1 {\n\t\t\t\tmargin: auto;\n\t\t\t}\n\t\t\t#gallery-1 .gallery-item {\n\t\t\t\tfloat: left;\n\t\t\t\tmargin-top: 10px;\n\t\t\t\ttext-align: center;\n\t\t\t\twidth: 33%;\n\t\t\t}\n\t\t\t#gallery-1 img {\n\t\t\t\tborder: 2px solid #cfcfcf;\n\t\t\t}\n\t\t\t#gallery-1 .gallery-caption {\n\t\t\t\tmargin-left: 0;\n\t\t\t}\n\t\t\t\/* see gallery_shortcode() in wp-includes\/media.php *\/\n\t\t<\/style>\n\t\t<div id='gallery-1' class='gallery galleryid-28104 gallery-columns-3 gallery-size-large'><dl class='gallery-item'>\n\t\t\t<dt class='gallery-icon landscape'>\n\t\t\t\t<a href='https:\/\/agora.xtec.cat\/institutmontserratroig\/wp-content\/uploads\/usu342\/2023\/11\/logo-nit-recerca.png'><img loading=\"lazy\" decoding=\"async\" width=\"781\" height=\"676\" src=\"https:\/\/agora.xtec.cat\/institutmontserratroig\/wp-content\/uploads\/usu342\/2023\/11\/logo-nit-recerca.png\" class=\"attachment-large size-large\" alt=\"\" srcset=\"https:\/\/agora.xtec.cat\/institutmontserratroig\/wp-content\/uploads\/usu342\/2023\/11\/logo-nit-recerca.png 781w, https:\/\/agora.xtec.cat\/institutmontserratroig\/wp-content\/uploads\/usu342\/2023\/11\/logo-nit-recerca-300x260.png 300w, https:\/\/agora.xtec.cat\/institutmontserratroig\/wp-content\/uploads\/usu342\/2023\/11\/logo-nit-recerca-768x665.png 768w\" sizes=\"auto, (max-width: 781px) 100vw, 781px\" \/><\/a>\n\t\t\t<\/dt><\/dl><dl class='gallery-item'>\n\t\t\t<dt class='gallery-icon landscape'>\n\t\t\t\t<a href='https:\/\/agora.xtec.cat\/institutmontserratroig\/wp-content\/uploads\/usu342\/2023\/11\/taller1.jpg'><img loading=\"lazy\" decoding=\"async\" width=\"1024\" height=\"768\" src=\"https:\/\/agora.xtec.cat\/institutmontserratroig\/wp-content\/uploads\/usu342\/2023\/11\/taller1.jpg\" class=\"attachment-large size-large\" alt=\"\" srcset=\"https:\/\/agora.xtec.cat\/institutmontserratroig\/wp-content\/uploads\/usu342\/2023\/11\/taller1.jpg 1024w, https:\/\/agora.xtec.cat\/institutmontserratroig\/wp-content\/uploads\/usu342\/2023\/11\/taller1-300x225.jpg 300w, https:\/\/agora.xtec.cat\/institutmontserratroig\/wp-content\/uploads\/usu342\/2023\/11\/taller1-768x576.jpg 768w, https:\/\/agora.xtec.cat\/institutmontserratroig\/wp-content\/uploads\/usu342\/2023\/11\/taller1-200x150.jpg 200w\" sizes=\"auto, (max-width: 1024px) 100vw, 1024px\" \/><\/a>\n\t\t\t<\/dt><\/dl><dl class='gallery-item'>\n\t\t\t<dt class='gallery-icon landscape'>\n\t\t\t\t<a href='https:\/\/agora.xtec.cat\/institutmontserratroig\/wp-content\/uploads\/usu342\/2023\/11\/taller2.jpg'><img loading=\"lazy\" decoding=\"async\" width=\"1024\" height=\"768\" src=\"https:\/\/agora.xtec.cat\/institutmontserratroig\/wp-content\/uploads\/usu342\/2023\/11\/taller2.jpg\" class=\"attachment-large size-large\" alt=\"\" srcset=\"https:\/\/agora.xtec.cat\/institutmontserratroig\/wp-content\/uploads\/usu342\/2023\/11\/taller2.jpg 1024w, https:\/\/agora.xtec.cat\/institutmontserratroig\/wp-content\/uploads\/usu342\/2023\/11\/taller2-300x225.jpg 300w, https:\/\/agora.xtec.cat\/institutmontserratroig\/wp-content\/uploads\/usu342\/2023\/11\/taller2-768x576.jpg 768w, https:\/\/agora.xtec.cat\/institutmontserratroig\/wp-content\/uploads\/usu342\/2023\/11\/taller2-200x150.jpg 200w\" sizes=\"auto, (max-width: 1024px) 100vw, 1024px\" \/><\/a>\n\t\t\t<\/dt><\/dl><br style=\"clear: both\" \/>\n\t\t<\/div>\n\n","protected":false},"excerpt":{"rendered":"<p>L&#8217;alumnat de Reptes de F\u00edsica i Qu\u00edmica de 1r de batxillerat ha realitzat el taller &#8220;Canvi Clim\u00e0tic: Com ens afectar\u00e0 la sequera&#8220;. El taller l&#8217;ha impartit d&#8217;ISGlobal &#8211; Institut per la salut global de Barcelona- i \u00e9s una activitat emmarcada dins de la <a href=\"https:\/\/lanitdelarecerca.cat\"&hellip;  <a href=\"https:\/\/agora.xtec.cat\/institutmontserratroig\/portada\/taller-sobre-el-canvi-climatic-a-1r-de-batxillerat\/\" title=\"Read Taller sobre el canvi clim\u00e0tic a 1r de batxillerat\">Llegeix m\u00e9s\u00bb<\/a><\/p>\n","protected":false},"author":1,"featured_media":28116,"comment_status":"open","ping_status":"closed","sticky":false,"template":"","format":"standard","meta":{"_bbp_topic_count":0,"_bbp_reply_count":0,"_bbp_total_topic_count":0,"_bbp_total_reply_count":0,"_bbp_voice_count":0,"_bbp_anonymous_reply_count":0,"_bbp_topic_count_hidden":0,"_bbp_reply_count_hidden":0,"_bbp_forum_subforum_count":0,"footnotes":""},"categories":[66,92,452,325,29],"tags":[136],"class_list":["post-28104","post","type-post","status-publish","format-standard","has-post-thumbnail","hentry","category-1r-de-batxillerat","category-ciencies-naturals","category-curs-2023-24","category-ins-montserrat-roig","category-portada","tag-taller"],"post_mailing_queue_ids":[],"_links":{"self":[{"href":"https:\/\/agora.xtec.cat\/institutmontserratroig\/wp-json\/wp\/v2\/posts\/28104","targetHints":{"allow":["GET"]}}],"collection":[{"href":"https:\/\/agora.xtec.cat\/institutmontserratroig\/wp-json\/wp\/v2\/posts"}],"about":[{"href":"https:\/\/agora.xtec.cat\/institutmontserratroig\/wp-json\/wp\/v2\/types\/post"}],"author":[{"embeddable":true,"href":"https:\/\/agora.xtec.cat\/institutmontserratroig\/wp-json\/wp\/v2\/users\/1"}],"replies":[{"embeddable":true,"href":"https:\/\/agora.xtec.cat\/institutmontserratroig\/wp-json\/wp\/v2\/comments?post=28104"}],"version-history":[{"count":6,"href":"https:\/\/agora.xtec.cat\/institutmontserratroig\/wp-json\/wp\/v2\/posts\/28104\/revisions"}],"predecessor-version":[{"id":28106,"href":"https:\/\/agora.xtec.cat\/institutmontserratroig\/wp-json\/wp\/v2\/posts\/28104\/revisions\/28106"}],"wp:featuredmedia":[{"embeddable":true,"href":"https:\/\/agora.xtec.cat\/institutmontserratroig\/wp-json\/wp\/v2\/media\/28116"}],"wp:attachment":[{"href":"https:\/\/agora.xtec.cat\/institutmontserratroig\/wp-json\/wp\/v2\/media?parent=28104"}],"wp:term":[{"taxonomy":"category","embeddable":true,"href":"https:\/\/agora.xtec.cat\/institutmontserratroig\/wp-json\/wp\/v2\/categories?post=28104"},{"taxonomy":"post_tag","embeddable":true,"href":"https:\/\/agora.xtec.cat\/institutmontserratroig\/wp-json\/wp\/v2\/tags?post=28104"}],"curies":[{"name":"wp","href":"https:\/\/api.w.org\/{rel}","templated":true}]}}