{"id":27948,"date":"2023-10-25T10:11:33","date_gmt":"2023-10-25T08:11:33","guid":{"rendered":"https:\/\/agora.xtec.cat\/institutmontserratroig\/?p=27948"},"modified":"2023-10-28T10:38:24","modified_gmt":"2023-10-28T08:38:24","slug":"eleccions-al-consell-escolar-alumnat","status":"publish","type":"post","link":"https:\/\/agora.xtec.cat\/institutmontserratroig\/portada\/eleccions-al-consell-escolar-alumnat\/","title":{"rendered":"Eleccions al Consell Escolar \/ Alumnat"},"content":{"rendered":"<p style=\"text-align: justify;\">Benvolguts,<\/p>\n<p style=\"text-align: justify;\">Com ja sabeu s&#8217;acosten les eleccions de Consell Escolar i hem de comen\u00e7ar la campanya perqu\u00e8 hi ha dos llocs per cobrir en el sector alumnat.<\/p>\n<p style=\"text-align: justify;\">Aquestes s\u00f3n les dates de la campanya electoral:<\/p>\n<p style=\"text-align: justify; padding-left: 80px;\">\u2666 Inici del proc\u00e9s: a partir del dia <strong>30 d&#8217;octubre de 2023<\/strong>.<br \/>\n\u2666 Informaci\u00f3 a tutories i presentaci\u00f3 de candidatures al tutor: setmana del <strong>6 al 10 de novembre<\/strong>.<br \/>\n\u2666 Preparaci\u00f3 dels candidats i la seva campanya: <strong>10 de novembre<\/strong> (<span style=\"color: #ff0000;\">DATA ENCARA PER CONFIRMAR<\/span>).<br \/>\n\u2666 Constituci\u00f3 de les meses electorals: el <strong>13 de novembre de 2023<\/strong>.<br \/>\n\u2666 Passa-classes de l&#8217;alumnat per presentar la seva candidatura: hores de lectura de <strong>dijous 16 i divendres 17 de novembre<\/strong>.<br \/>\n\u2666 Votacions: el dia <strong>23 de novembre de 2023<\/strong>.<br \/>\n\u2666 Constituci\u00f3 del consell escolar i presa de possessi\u00f3 dels seus membres: no m\u00e9s tard del dia <strong>19 de desembre<\/strong>.<\/p>\n<h3 style=\"text-align: center;\">Alumnes candidats: Aneu-vos preparant!<\/h3>\n<p>&nbsp;<\/p>\n<table style=\"width: 100%; border: none;\">\n<tbody>\n<tr>\n<td style=\"text-align: center; border: none;\"><a href=\"https:\/\/drive.google.com\/file\/d\/1H1LC8bXjAiIC0I0PRKAdGRb83E94SLbu\/view?usp=share_link\" target=\"_blank\" rel=\"noopener\"><img loading=\"lazy\" decoding=\"async\" class=\"aligncenter wp-image-27954\" src=\"https:\/\/agora.xtec.cat\/institutmontserratroig\/wp-content\/uploads\/usu342\/2023\/10\/consell-escolar-2023-02.png\" alt=\"\" width=\"464\" height=\"655\" srcset=\"https:\/\/agora.xtec.cat\/institutmontserratroig\/wp-content\/uploads\/usu342\/2023\/10\/consell-escolar-2023-02.png 464w, https:\/\/agora.xtec.cat\/institutmontserratroig\/wp-content\/uploads\/usu342\/2023\/10\/consell-escolar-2023-02-213x300.png 213w\" sizes=\"auto, (max-width: 464px) 100vw, 464px\" \/><\/a><\/td>\n<td style=\"text-align: center; border: none;\"><a href=\"https:\/\/drive.google.com\/file\/d\/1LOZaztbHvDx4Ace65nqbfVBHeyeYeo4X\/view?usp=share_link\" target=\"_blank\" rel=\"noopener\"><img loading=\"lazy\" decoding=\"async\" class=\"aligncenter wp-image-27953\" src=\"https:\/\/agora.xtec.cat\/institutmontserratroig\/wp-content\/uploads\/usu342\/2023\/10\/consell-escolar-2023-01.png\" alt=\"\" width=\"399\" height=\"655\" srcset=\"https:\/\/agora.xtec.cat\/institutmontserratroig\/wp-content\/uploads\/usu342\/2023\/10\/consell-escolar-2023-01.png 404w, https:\/\/agora.xtec.cat\/institutmontserratroig\/wp-content\/uploads\/usu342\/2023\/10\/consell-escolar-2023-01-183x300.png 183w\" sizes=\"auto, (max-width: 399px) 100vw, 399px\" \/><\/a><\/td>\n<\/tr>\n<\/tbody>\n<\/table>\n<table style=\"width: 100%; border: none;\">\n<tbody>\n<tr>\n<td style=\"text-align: center; border: none;\"><iframe loading=\"lazy\" src=\"https:\/\/docs.google.com\/presentation\/d\/e\/2PACX-1vSy20G4s4jqhOq4BMD7jP32FTTP62HH9zgF1jyJ5hncjDA7UnOx_PkPSaZgER8P7Q\/embed?start=true&#038;loop=true&#038;delayms=3000\" frameborder=\"0\" width=\"960\" height=\"569\" allowfullscreen=\"true\" mozallowfullscreen=\"true\" webkitallowfullscreen=\"true\"><\/iframe><\/td>\n<\/tr>\n<\/tbody>\n<\/table>\n","protected":false},"excerpt":{"rendered":"<p>Benvolguts,<br \/>\nCom ja sabeu s&#8217;acosten les eleccions de Consell Escolar i hem de comen\u00e7ar la campanya perqu\u00e8 hi ha dos llocs per cobrir en el sector alumnat.<br \/>\nAquestes s\u00f3n les dates de la campanya electoral:<br \/>\n\u2666 Inici del proc\u00e9s: a partir del dia 30 d&#8217;octubre de 2023.<br \/>\n\u2666 Informaci\u00f3&hellip;  <a href=\"https:\/\/agora.xtec.cat\/institutmontserratroig\/portada\/eleccions-al-consell-escolar-alumnat\/\" title=\"Read Eleccions al Consell Escolar \/ Alumnat\">Llegeix m\u00e9s\u00bb<\/a><\/p>\n","protected":false},"author":1,"featured_media":27952,"comment_status":"open","ping_status":"closed","sticky":false,"template":"","format":"standard","meta":{"_bbp_topic_count":0,"_bbp_reply_count":0,"_bbp_total_topic_count":0,"_bbp_total_reply_count":0,"_bbp_voice_count":0,"_bbp_anonymous_reply_count":0,"_bbp_topic_count_hidden":0,"_bbp_reply_count_hidden":0,"_bbp_forum_subforum_count":0,"footnotes":""},"categories":[452,325,29],"tags":[283,177],"class_list":["post-27948","post","type-post","status-publish","format-standard","has-post-thumbnail","hentry","category-curs-2023-24","category-ins-montserrat-roig","category-portada","tag-consell-escolar","tag-informacio-centre"],"post_mailing_queue_ids":[],"_links":{"self":[{"href":"https:\/\/agora.xtec.cat\/institutmontserratroig\/wp-json\/wp\/v2\/posts\/27948","targetHints":{"allow":["GET"]}}],"collection":[{"href":"https:\/\/agora.xtec.cat\/institutmontserratroig\/wp-json\/wp\/v2\/posts"}],"about":[{"href":"https:\/\/agora.xtec.cat\/institutmontserratroig\/wp-json\/wp\/v2\/types\/post"}],"author":[{"embeddable":true,"href":"https:\/\/agora.xtec.cat\/institutmontserratroig\/wp-json\/wp\/v2\/users\/1"}],"replies":[{"embeddable":true,"href":"https:\/\/agora.xtec.cat\/institutmontserratroig\/wp-json\/wp\/v2\/comments?post=27948"}],"version-history":[{"count":6,"href":"https:\/\/agora.xtec.cat\/institutmontserratroig\/wp-json\/wp\/v2\/posts\/27948\/revisions"}],"predecessor-version":[{"id":27959,"href":"https:\/\/agora.xtec.cat\/institutmontserratroig\/wp-json\/wp\/v2\/posts\/27948\/revisions\/27959"}],"wp:featuredmedia":[{"embeddable":true,"href":"https:\/\/agora.xtec.cat\/institutmontserratroig\/wp-json\/wp\/v2\/media\/27952"}],"wp:attachment":[{"href":"https:\/\/agora.xtec.cat\/institutmontserratroig\/wp-json\/wp\/v2\/media?parent=27948"}],"wp:term":[{"taxonomy":"category","embeddable":true,"href":"https:\/\/agora.xtec.cat\/institutmontserratroig\/wp-json\/wp\/v2\/categories?post=27948"},{"taxonomy":"post_tag","embeddable":true,"href":"https:\/\/agora.xtec.cat\/institutmontserratroig\/wp-json\/wp\/v2\/tags?post=27948"}],"curies":[{"name":"wp","href":"https:\/\/api.w.org\/{rel}","templated":true}]}}