{"id":27873,"date":"2023-10-15T22:07:51","date_gmt":"2023-10-15T20:07:51","guid":{"rendered":"https:\/\/agora.xtec.cat\/institutmontserratroig\/?p=27873"},"modified":"2023-10-15T22:12:29","modified_gmt":"2023-10-15T20:12:29","slug":"portes-obertes-gracia-participa","status":"publish","type":"post","link":"https:\/\/agora.xtec.cat\/institutmontserratroig\/ins-montserrat-roig\/portes-obertes-gracia-participa\/","title":{"rendered":"Portes obertes: &#8220;Gr\u00e0cia participa&#8221;"},"content":{"rendered":"<p><a href=\"https:\/\/www.graciaparticipa.cat\" target=\"_blank\" rel=\"noopener\"><img loading=\"lazy\" decoding=\"async\" class=\"size-full wp-image-27876 aligncenter\" src=\"https:\/\/agora.xtec.cat\/institutmontserratroig\/wp-content\/uploads\/usu342\/2023\/10\/Captura-de-Pantalla-2023-10-15-a-les-22.01.05.png\" alt=\"\" width=\"952\" height=\"343\" srcset=\"https:\/\/agora.xtec.cat\/institutmontserratroig\/wp-content\/uploads\/usu342\/2023\/10\/Captura-de-Pantalla-2023-10-15-a-les-22.01.05.png 952w, https:\/\/agora.xtec.cat\/institutmontserratroig\/wp-content\/uploads\/usu342\/2023\/10\/Captura-de-Pantalla-2023-10-15-a-les-22.01.05-300x108.png 300w, https:\/\/agora.xtec.cat\/institutmontserratroig\/wp-content\/uploads\/usu342\/2023\/10\/Captura-de-Pantalla-2023-10-15-a-les-22.01.05-768x277.png 768w\" sizes=\"auto, (max-width: 952px) 100vw, 952px\" \/><\/a><\/p>\n<p style=\"text-align: justify;\">Us compartim el mail que ens han fet arribar des de &#8220;Gr\u00e0cia participa&#8221; amb motiu de la celebraci\u00f3 del trasllat a un nou local:<\/p>\n<blockquote>\n<p style=\"text-align: justify;\"><span style=\"color: #000080;\">Benvolguts i benvolgudes,<\/span><\/p>\n<p style=\"text-align: justify;\"><span style=\"color: #000080;\">Estem organitzant una jornada de portes obertes amb motiu del trasllat al nou local de Pau Alsina.<\/span><\/p>\n<p style=\"text-align: justify;\"><span style=\"color: #000080;\">Ser\u00e0 dissabte 21 d&#8217;octubre de 10 a 13 h.<\/span><\/p>\n<p style=\"text-align: justify;\"><span style=\"color: #000080;\">Hi haur\u00e0 a les 10 h una Xocolatada Popular amb Recollida d&#8217;Aliments (demanarem arr\u00f2s, llet, farinetes pels infants i llet 2 de continuaci\u00f3).<\/span><br \/>\n<span style=\"color: #000080;\">I ens faria molta il\u00b7lusi\u00f3 que les entitats del barri i les entitats amb les que col\u00b7laborem vingueu a compartir aquest esmorzar i aprofitar per con\u00e8ixer el nou local i poder explicar-vos els nostres tres projectes.<\/span><br \/>\n<span style=\"color: #000080;\">\u00c9s una jornada l\u00f2gicament tamb\u00e9 pel nostre voluntariat, ve\u00efns i ve\u00efnes i oberta a totes les usu\u00e0ries dels projectes de l&#8217;associaci\u00f3. Per\u00f2 no vol\u00edem deixar passar aquest moment per convidar-vos a totes vosaltres.<\/span><\/p>\n<p style=\"text-align: justify;\"><span style=\"color: #000080;\">Si voleu i podeu venir confirmeu si us plau la vostra assist\u00e8ncia a voluntariat@graciaparticipa.cat .<\/span><\/p>\n<p style=\"text-align: justify;\"><span style=\"color: #000080;\">Gr\u00e0cies per avan\u00e7at i us esperem a totes el dia 21\/10.<\/span><\/p>\n<p style=\"text-align: justify;\"><span style=\"color: #000080;\">Montserrat Higueras Tobajas<\/span><br \/>\n<span style=\"color: #000080;\">Presidenta de Gr\u00e0cia Participa<\/span><\/p>\n<\/blockquote>\n","protected":false},"excerpt":{"rendered":"<p><a href=\"https:\/\/www.graciaparticipa.cat\" target=\"_blank\" rel=\"noopener\"><\/a><br \/>\nUs compartim el mail que ens han fet arribar des de &#8220;Gr\u00e0cia participa&#8221; amb motiu de la celebraci\u00f3 del trasllat a un nou local:<\/p>\n<p>Benvolguts i benvolgudes,<br \/>\nEstem organitzant una jornada de portes obertes amb motiu del trasllat al nou local de Pau Alsina.<br \/>\nSer\u00e0&hellip;  <a href=\"https:\/\/agora.xtec.cat\/institutmontserratroig\/ins-montserrat-roig\/portes-obertes-gracia-participa\/\" title=\"Read Portes obertes: &#8220;Gr\u00e0cia participa&#8221;\">Llegeix m\u00e9s\u00bb<\/a><\/p>\n","protected":false},"author":1,"featured_media":27876,"comment_status":"open","ping_status":"closed","sticky":false,"template":"","format":"standard","meta":{"_bbp_topic_count":0,"_bbp_reply_count":0,"_bbp_total_topic_count":0,"_bbp_total_reply_count":0,"_bbp_voice_count":0,"_bbp_anonymous_reply_count":0,"_bbp_topic_count_hidden":0,"_bbp_reply_count_hidden":0,"_bbp_forum_subforum_count":0,"footnotes":""},"categories":[452,325],"tags":[130,148],"class_list":["post-27873","post","type-post","status-publish","format-standard","has-post-thumbnail","hentry","category-curs-2023-24","category-ins-montserrat-roig","tag-portes-obertes","tag-solidaritat"],"post_mailing_queue_ids":[],"_links":{"self":[{"href":"https:\/\/agora.xtec.cat\/institutmontserratroig\/wp-json\/wp\/v2\/posts\/27873","targetHints":{"allow":["GET"]}}],"collection":[{"href":"https:\/\/agora.xtec.cat\/institutmontserratroig\/wp-json\/wp\/v2\/posts"}],"about":[{"href":"https:\/\/agora.xtec.cat\/institutmontserratroig\/wp-json\/wp\/v2\/types\/post"}],"author":[{"embeddable":true,"href":"https:\/\/agora.xtec.cat\/institutmontserratroig\/wp-json\/wp\/v2\/users\/1"}],"replies":[{"embeddable":true,"href":"https:\/\/agora.xtec.cat\/institutmontserratroig\/wp-json\/wp\/v2\/comments?post=27873"}],"version-history":[{"count":4,"href":"https:\/\/agora.xtec.cat\/institutmontserratroig\/wp-json\/wp\/v2\/posts\/27873\/revisions"}],"predecessor-version":[{"id":27880,"href":"https:\/\/agora.xtec.cat\/institutmontserratroig\/wp-json\/wp\/v2\/posts\/27873\/revisions\/27880"}],"wp:featuredmedia":[{"embeddable":true,"href":"https:\/\/agora.xtec.cat\/institutmontserratroig\/wp-json\/wp\/v2\/media\/27876"}],"wp:attachment":[{"href":"https:\/\/agora.xtec.cat\/institutmontserratroig\/wp-json\/wp\/v2\/media?parent=27873"}],"wp:term":[{"taxonomy":"category","embeddable":true,"href":"https:\/\/agora.xtec.cat\/institutmontserratroig\/wp-json\/wp\/v2\/categories?post=27873"},{"taxonomy":"post_tag","embeddable":true,"href":"https:\/\/agora.xtec.cat\/institutmontserratroig\/wp-json\/wp\/v2\/tags?post=27873"}],"curies":[{"name":"wp","href":"https:\/\/api.w.org\/{rel}","templated":true}]}}