{"id":27717,"date":"2023-09-28T20:38:06","date_gmt":"2023-09-28T18:38:06","guid":{"rendered":"https:\/\/agora.xtec.cat\/institutmontserratroig\/?p=27717"},"modified":"2023-09-28T20:38:06","modified_gmt":"2023-09-28T18:38:06","slug":"tancament-de-portes-a-primeres-hores","status":"publish","type":"post","link":"https:\/\/agora.xtec.cat\/institutmontserratroig\/portada\/tancament-de-portes-a-primeres-hores\/","title":{"rendered":"Tancament de portes a primeres hores"},"content":{"rendered":"<p style=\"text-align: justify;\">Benvolgudes fam\u00edlies,<\/p>\n<p style=\"text-align: justify;\">Ja s&#8217;acaba el mes de setembre i, amb ell, el per\u00edode d&#8217;adaptaci\u00f3 de l&#8217;alumnat a la rutina de l&#8217;assist\u00e8ncia a classe i, per aquest motiu us informem que a partir de dilluns 2 d&#8217;octubre tancarem la porta d&#8217;acc\u00e9s al centre a les 8:18 hores al mat\u00ed i a les 15:33 hores a la tarda, tal com tenim estipulat a les NOFC.<\/p>\n<p style=\"text-align: justify;\">Tot l&#8217;alumnat ha de ser a l&#8217;aula a les 8:15 hores al mat\u00ed i a les 15:30 hores a la tarda. L&#8217;alumnat que arribi tard sense cap justificaci\u00f3 entrar\u00e0 al centre i romandr\u00e0 al vest\u00edbul durant la primera hora i se li posar\u00e0 la falta corresponent.<\/p>\n<p style=\"text-align: justify;\">Us agrair\u00edem molt que coment\u00e9ssiu amb els vostres fills i filles la import\u00e0ncia de ser puntuals i la falta de respecte que suposa el no ser-ho.<\/p>\n<p style=\"text-align: justify;\">Moltes gr\u00e0cies per la confian\u00e7a<\/p>\n","protected":false},"excerpt":{"rendered":"<p>Benvolgudes fam\u00edlies,<br \/>\nJa s&#8217;acaba el mes de setembre i, amb ell, el per\u00edode d&#8217;adaptaci\u00f3 de l&#8217;alumnat a la rutina de l&#8217;assist\u00e8ncia a classe i, per aquest motiu us informem que a partir de dilluns 2 d&#8217;octubre tancarem la porta d&#8217;acc\u00e9s al centre a les 8:18 hores&hellip;  <a href=\"https:\/\/agora.xtec.cat\/institutmontserratroig\/portada\/tancament-de-portes-a-primeres-hores\/\" title=\"Read Tancament de portes a primeres hores\">Llegeix m\u00e9s\u00bb<\/a><\/p>\n","protected":false},"author":1,"featured_media":27719,"comment_status":"open","ping_status":"closed","sticky":false,"template":"","format":"standard","meta":{"_bbp_topic_count":0,"_bbp_reply_count":0,"_bbp_total_topic_count":0,"_bbp_total_reply_count":0,"_bbp_voice_count":0,"_bbp_anonymous_reply_count":0,"_bbp_topic_count_hidden":0,"_bbp_reply_count_hidden":0,"_bbp_forum_subforum_count":0,"footnotes":""},"categories":[452,325,29],"tags":[177],"class_list":["post-27717","post","type-post","status-publish","format-standard","has-post-thumbnail","hentry","category-curs-2023-24","category-ins-montserrat-roig","category-portada","tag-informacio-centre"],"post_mailing_queue_ids":[],"_links":{"self":[{"href":"https:\/\/agora.xtec.cat\/institutmontserratroig\/wp-json\/wp\/v2\/posts\/27717","targetHints":{"allow":["GET"]}}],"collection":[{"href":"https:\/\/agora.xtec.cat\/institutmontserratroig\/wp-json\/wp\/v2\/posts"}],"about":[{"href":"https:\/\/agora.xtec.cat\/institutmontserratroig\/wp-json\/wp\/v2\/types\/post"}],"author":[{"embeddable":true,"href":"https:\/\/agora.xtec.cat\/institutmontserratroig\/wp-json\/wp\/v2\/users\/1"}],"replies":[{"embeddable":true,"href":"https:\/\/agora.xtec.cat\/institutmontserratroig\/wp-json\/wp\/v2\/comments?post=27717"}],"version-history":[{"count":1,"href":"https:\/\/agora.xtec.cat\/institutmontserratroig\/wp-json\/wp\/v2\/posts\/27717\/revisions"}],"predecessor-version":[{"id":27718,"href":"https:\/\/agora.xtec.cat\/institutmontserratroig\/wp-json\/wp\/v2\/posts\/27717\/revisions\/27718"}],"wp:featuredmedia":[{"embeddable":true,"href":"https:\/\/agora.xtec.cat\/institutmontserratroig\/wp-json\/wp\/v2\/media\/27719"}],"wp:attachment":[{"href":"https:\/\/agora.xtec.cat\/institutmontserratroig\/wp-json\/wp\/v2\/media?parent=27717"}],"wp:term":[{"taxonomy":"category","embeddable":true,"href":"https:\/\/agora.xtec.cat\/institutmontserratroig\/wp-json\/wp\/v2\/categories?post=27717"},{"taxonomy":"post_tag","embeddable":true,"href":"https:\/\/agora.xtec.cat\/institutmontserratroig\/wp-json\/wp\/v2\/tags?post=27717"}],"curies":[{"name":"wp","href":"https:\/\/api.w.org\/{rel}","templated":true}]}}