{"id":27312,"date":"2023-06-20T14:23:27","date_gmt":"2023-06-20T12:23:27","guid":{"rendered":"https:\/\/agora.xtec.cat\/institutmontserratroig\/?p=27312"},"modified":"2023-06-21T14:51:05","modified_gmt":"2023-06-21T12:51:05","slug":"la-biblioteca-estrena-web","status":"publish","type":"post","link":"https:\/\/agora.xtec.cat\/institutmontserratroig\/portada\/la-biblioteca-estrena-web\/","title":{"rendered":"La Biblioteca estrena web!"},"content":{"rendered":"<p style=\"text-align: justify;\">Tenim l&#8217;alegria de comunicar-vos que la Biblioteca del nostre centre estrena <a href=\"https:\/\/bibmroig.blogspot.com\" target=\"_blank\" rel=\"noopener\">lloc web<\/a>. A partir d&#8217;ara, utilitzant la icona de la dreta de la cap\u00e7alera, ens ser\u00e0 m\u00e9s f\u00e0cil i r\u00e0pid assabentar-nos de totes les novetats, activitats i serveis que ens ofereix.<\/p>\n<p><a href=\"https:\/\/bibmroig.blogspot.com\/\" target=\"_blank\" rel=\"noopener\"><img loading=\"lazy\" decoding=\"async\" class=\"size-full wp-image-27313 aligncenter\" src=\"https:\/\/agora.xtec.cat\/institutmontserratroig\/wp-content\/uploads\/usu342\/2023\/06\/imatge-web-biblioteca.png\" alt=\"\" width=\"973\" height=\"339\" srcset=\"https:\/\/agora.xtec.cat\/institutmontserratroig\/wp-content\/uploads\/usu342\/2023\/06\/imatge-web-biblioteca.png 973w, https:\/\/agora.xtec.cat\/institutmontserratroig\/wp-content\/uploads\/usu342\/2023\/06\/imatge-web-biblioteca-300x105.png 300w, https:\/\/agora.xtec.cat\/institutmontserratroig\/wp-content\/uploads\/usu342\/2023\/06\/imatge-web-biblioteca-768x268.png 768w\" sizes=\"auto, (max-width: 973px) 100vw, 973px\" \/><\/a><\/p>\n","protected":false},"excerpt":{"rendered":"<p>Tenim l&#8217;alegria de comunicar-vos que la Biblioteca del nostre centre estrena <a href=\"https:\/\/bibmroig.blogspot.com\" target=\"_blank\" rel=\"noopener\">lloc web<\/a>. A partir d&#8217;ara, utilitzant la icona de la dreta de la cap\u00e7alera, ens ser\u00e0 m\u00e9s f\u00e0cil i r\u00e0pid assabentar-nos de totes les novetats, activitats i serveis que ens ofereix.<br \/>\n<a&hellip;  <a href=\"https:\/\/agora.xtec.cat\/institutmontserratroig\/portada\/la-biblioteca-estrena-web\/\" title=\"Read La Biblioteca estrena web!\">Llegeix m\u00e9s\u00bb<\/a><\/p>\n","protected":false},"author":1,"featured_media":27313,"comment_status":"open","ping_status":"closed","sticky":false,"template":"","format":"standard","meta":{"_bbp_topic_count":0,"_bbp_reply_count":0,"_bbp_total_topic_count":0,"_bbp_total_reply_count":0,"_bbp_voice_count":0,"_bbp_anonymous_reply_count":0,"_bbp_topic_count_hidden":0,"_bbp_reply_count_hidden":0,"_bbp_forum_subforum_count":0,"footnotes":""},"categories":[390,325,29],"tags":[394],"class_list":["post-27312","post","type-post","status-publish","format-standard","has-post-thumbnail","hentry","category-curs-2022-23","category-ins-montserrat-roig","category-portada","tag-biblioteca-escolar"],"post_mailing_queue_ids":[],"_links":{"self":[{"href":"https:\/\/agora.xtec.cat\/institutmontserratroig\/wp-json\/wp\/v2\/posts\/27312","targetHints":{"allow":["GET"]}}],"collection":[{"href":"https:\/\/agora.xtec.cat\/institutmontserratroig\/wp-json\/wp\/v2\/posts"}],"about":[{"href":"https:\/\/agora.xtec.cat\/institutmontserratroig\/wp-json\/wp\/v2\/types\/post"}],"author":[{"embeddable":true,"href":"https:\/\/agora.xtec.cat\/institutmontserratroig\/wp-json\/wp\/v2\/users\/1"}],"replies":[{"embeddable":true,"href":"https:\/\/agora.xtec.cat\/institutmontserratroig\/wp-json\/wp\/v2\/comments?post=27312"}],"version-history":[{"count":3,"href":"https:\/\/agora.xtec.cat\/institutmontserratroig\/wp-json\/wp\/v2\/posts\/27312\/revisions"}],"predecessor-version":[{"id":27328,"href":"https:\/\/agora.xtec.cat\/institutmontserratroig\/wp-json\/wp\/v2\/posts\/27312\/revisions\/27328"}],"wp:featuredmedia":[{"embeddable":true,"href":"https:\/\/agora.xtec.cat\/institutmontserratroig\/wp-json\/wp\/v2\/media\/27313"}],"wp:attachment":[{"href":"https:\/\/agora.xtec.cat\/institutmontserratroig\/wp-json\/wp\/v2\/media?parent=27312"}],"wp:term":[{"taxonomy":"category","embeddable":true,"href":"https:\/\/agora.xtec.cat\/institutmontserratroig\/wp-json\/wp\/v2\/categories?post=27312"},{"taxonomy":"post_tag","embeddable":true,"href":"https:\/\/agora.xtec.cat\/institutmontserratroig\/wp-json\/wp\/v2\/tags?post=27312"}],"curies":[{"name":"wp","href":"https:\/\/api.w.org\/{rel}","templated":true}]}}