{"id":25686,"date":"2023-02-16T21:46:50","date_gmt":"2023-02-16T20:46:50","guid":{"rendered":"https:\/\/agora.xtec.cat\/institutmontserratroig\/?p=25686"},"modified":"2023-03-09T19:02:39","modified_gmt":"2023-03-09T18:02:39","slug":"tres-grans-dies-desqui","status":"publish","type":"post","link":"https:\/\/agora.xtec.cat\/institutmontserratroig\/portada\/tres-grans-dies-desqui\/","title":{"rendered":"Tres grans dies d&#8217;esqu\u00ed!"},"content":{"rendered":"<table style=\"width: 100%; border: none;\">\n<tbody>\n<tr>\n<td style=\"text-align: center; border: none;\"><iframe loading=\"lazy\" title=\"YouTube video player\" src=\"https:\/\/www.youtube.com\/embed\/tjt6qcL2xa0\" width=\"800\" height=\"450\" frameborder=\"0\" allowfullscreen=\"allowfullscreen\"><\/iframe><\/td>\n<\/tr>\n<\/tbody>\n<\/table>\n<p style=\"text-align: justify;\">En aquest v\u00eddeo, que ens ha compartit el Daniel, podem veure com s&#8217;ho van passar de b\u00e9 els alumnes de 3r d&#8217;ESO els tres dies que van estar a la Vall de Bo\u00ed.<\/p>\n<p style=\"text-align: justify;\">Aix\u00ed dona gust fer activitats, sortides, projectes&#8230; I el que faci falta!<\/p>\n<h5 style=\"text-align: center;\"><a href=\"https:\/\/photos.app.goo.gl\/vNEjSVXcjQCYBa5G9\" target=\"_blank\" rel=\"noopener\">Fotos i v\u00eddeos de l&#8217;esquiada<\/a><\/h5>\n","protected":false},"excerpt":{"rendered":"<p>En aquest v\u00eddeo, que ens ha compartit el Daniel, podem veure com s&#8217;ho van passar de b\u00e9 els alumnes de 3r d&#8217;ESO els tres dies que van estar a la Vall de Bo\u00ed.<br \/>\nAix\u00ed dona gust fer activitats, sortides, projectes&#8230; I el que faci falta!<br \/>\n<a href=\"https:\/\/photos.app.goo.gl\/vNEjSVXcjQCYBa5G9\"&hellip;  <a href=\"https:\/\/agora.xtec.cat\/institutmontserratroig\/portada\/tres-grans-dies-desqui\/\" title=\"Read Tres grans dies d&#8217;esqu\u00ed!\">Llegeix m\u00e9s\u00bb<\/a><\/p>\n","protected":false},"author":1,"featured_media":25687,"comment_status":"open","ping_status":"closed","sticky":false,"template":"","format":"standard","meta":{"_bbp_topic_count":0,"_bbp_reply_count":0,"_bbp_total_topic_count":0,"_bbp_total_reply_count":0,"_bbp_voice_count":0,"_bbp_anonymous_reply_count":0,"_bbp_topic_count_hidden":0,"_bbp_reply_count_hidden":0,"_bbp_forum_subforum_count":0,"footnotes":""},"categories":[390,85,325,29],"tags":[422,179],"class_list":["post-25686","post","type-post","status-publish","format-standard","has-post-thumbnail","hentry","category-curs-2022-23","category-eso-3","category-ins-montserrat-roig","category-portada","tag-esquiada","tag-sortides"],"post_mailing_queue_ids":[],"_links":{"self":[{"href":"https:\/\/agora.xtec.cat\/institutmontserratroig\/wp-json\/wp\/v2\/posts\/25686","targetHints":{"allow":["GET"]}}],"collection":[{"href":"https:\/\/agora.xtec.cat\/institutmontserratroig\/wp-json\/wp\/v2\/posts"}],"about":[{"href":"https:\/\/agora.xtec.cat\/institutmontserratroig\/wp-json\/wp\/v2\/types\/post"}],"author":[{"embeddable":true,"href":"https:\/\/agora.xtec.cat\/institutmontserratroig\/wp-json\/wp\/v2\/users\/1"}],"replies":[{"embeddable":true,"href":"https:\/\/agora.xtec.cat\/institutmontserratroig\/wp-json\/wp\/v2\/comments?post=25686"}],"version-history":[{"count":3,"href":"https:\/\/agora.xtec.cat\/institutmontserratroig\/wp-json\/wp\/v2\/posts\/25686\/revisions"}],"predecessor-version":[{"id":26053,"href":"https:\/\/agora.xtec.cat\/institutmontserratroig\/wp-json\/wp\/v2\/posts\/25686\/revisions\/26053"}],"wp:featuredmedia":[{"embeddable":true,"href":"https:\/\/agora.xtec.cat\/institutmontserratroig\/wp-json\/wp\/v2\/media\/25687"}],"wp:attachment":[{"href":"https:\/\/agora.xtec.cat\/institutmontserratroig\/wp-json\/wp\/v2\/media?parent=25686"}],"wp:term":[{"taxonomy":"category","embeddable":true,"href":"https:\/\/agora.xtec.cat\/institutmontserratroig\/wp-json\/wp\/v2\/categories?post=25686"},{"taxonomy":"post_tag","embeddable":true,"href":"https:\/\/agora.xtec.cat\/institutmontserratroig\/wp-json\/wp\/v2\/tags?post=25686"}],"curies":[{"name":"wp","href":"https:\/\/api.w.org\/{rel}","templated":true}]}}