{"id":25636,"date":"2023-02-13T19:32:21","date_gmt":"2023-02-13T18:32:21","guid":{"rendered":"https:\/\/agora.xtec.cat\/institutmontserratroig\/?p=25636"},"modified":"2023-02-13T19:33:43","modified_gmt":"2023-02-13T18:33:43","slug":"literatura-romantica-a-la-biblioteca","status":"publish","type":"post","link":"https:\/\/agora.xtec.cat\/institutmontserratroig\/portada\/literatura-romantica-a-la-biblioteca\/","title":{"rendered":"Literatura rom\u00e0ntica a la biblioteca"},"content":{"rendered":"<p style=\"text-align: justify;\">Des de la biblioteca us fem saber que tenim una nova exposici\u00f3 de llibres. Aquest cop amb motiu de Sant Valent\u00ed hem exposat tota la nostra literatura rom\u00e0ntica (no-t\u00f2xica). Aquest g\u00e8nere t\u00e9 molt d&#8217;\u00e8xit entre l&#8217;alumnat femen\u00ed, per\u00f2 normalment si no s\u00f3n guiades, acaben accedint a certs t\u00edtols que promouen la discriminaci\u00f3 de g\u00e8nere i les relacions t\u00f2xiques.<\/p>\n<p><a href=\"https:\/\/agora.xtec.cat\/institutmontserratroig\/wp-content\/uploads\/usu342\/2023\/02\/Expo-Sant-Valenti\u0301-scaled.jpg\"><img loading=\"lazy\" decoding=\"async\" class=\"size-large wp-image-25637 aligncenter\" src=\"https:\/\/agora.xtec.cat\/institutmontserratroig\/wp-content\/uploads\/usu342\/2023\/02\/Expo-Sant-Valenti\u0301-1024x595.jpg\" alt=\"\" width=\"1024\" height=\"595\" srcset=\"https:\/\/agora.xtec.cat\/institutmontserratroig\/wp-content\/uploads\/usu342\/2023\/02\/Expo-Sant-Valenti\u0301-1024x595.jpg 1024w, https:\/\/agora.xtec.cat\/institutmontserratroig\/wp-content\/uploads\/usu342\/2023\/02\/Expo-Sant-Valenti\u0301-300x174.jpg 300w, https:\/\/agora.xtec.cat\/institutmontserratroig\/wp-content\/uploads\/usu342\/2023\/02\/Expo-Sant-Valenti\u0301-768x446.jpg 768w, https:\/\/agora.xtec.cat\/institutmontserratroig\/wp-content\/uploads\/usu342\/2023\/02\/Expo-Sant-Valenti\u0301-1536x892.jpg 1536w, https:\/\/agora.xtec.cat\/institutmontserratroig\/wp-content\/uploads\/usu342\/2023\/02\/Expo-Sant-Valenti\u0301-2048x1189.jpg 2048w\" sizes=\"auto, (max-width: 1024px) 100vw, 1024px\" \/><\/a><\/p>\n<p style=\"text-align: justify;\">Tindrem els llibres exposats a l&#8217;entrada de la biblioteca durant les pr\u00f2ximes setmanes.<\/p>\n<p style=\"text-align: justify;\">Carlos Ortiz \/ Biblioteca Institut Montserrat Roig<\/p>\n","protected":false},"excerpt":{"rendered":"<p>Des de la biblioteca us fem saber que tenim una nova exposici\u00f3 de llibres. Aquest cop amb motiu de Sant Valent\u00ed hem exposat tota la nostra literatura rom\u00e0ntica (no-t\u00f2xica). Aquest g\u00e8nere t\u00e9 molt d&#8217;\u00e8xit entre l&#8217;alumnat femen\u00ed, per\u00f2 normalment si no s\u00f3n guiades, acaben accedint&hellip;  <a href=\"https:\/\/agora.xtec.cat\/institutmontserratroig\/portada\/literatura-romantica-a-la-biblioteca\/\" title=\"Read Literatura rom\u00e0ntica a la biblioteca\">Llegeix m\u00e9s\u00bb<\/a><\/p>\n","protected":false},"author":1,"featured_media":25639,"comment_status":"open","ping_status":"closed","sticky":false,"template":"","format":"standard","meta":{"_bbp_topic_count":0,"_bbp_reply_count":0,"_bbp_total_topic_count":0,"_bbp_total_reply_count":0,"_bbp_voice_count":0,"_bbp_anonymous_reply_count":0,"_bbp_topic_count_hidden":0,"_bbp_reply_count_hidden":0,"_bbp_forum_subforum_count":0,"footnotes":""},"categories":[390,325,29],"tags":[394,370],"class_list":["post-25636","post","type-post","status-publish","format-standard","has-post-thumbnail","hentry","category-curs-2022-23","category-ins-montserrat-roig","category-portada","tag-biblioteca-escolar","tag-llibres"],"post_mailing_queue_ids":[],"_links":{"self":[{"href":"https:\/\/agora.xtec.cat\/institutmontserratroig\/wp-json\/wp\/v2\/posts\/25636","targetHints":{"allow":["GET"]}}],"collection":[{"href":"https:\/\/agora.xtec.cat\/institutmontserratroig\/wp-json\/wp\/v2\/posts"}],"about":[{"href":"https:\/\/agora.xtec.cat\/institutmontserratroig\/wp-json\/wp\/v2\/types\/post"}],"author":[{"embeddable":true,"href":"https:\/\/agora.xtec.cat\/institutmontserratroig\/wp-json\/wp\/v2\/users\/1"}],"replies":[{"embeddable":true,"href":"https:\/\/agora.xtec.cat\/institutmontserratroig\/wp-json\/wp\/v2\/comments?post=25636"}],"version-history":[{"count":2,"href":"https:\/\/agora.xtec.cat\/institutmontserratroig\/wp-json\/wp\/v2\/posts\/25636\/revisions"}],"predecessor-version":[{"id":25681,"href":"https:\/\/agora.xtec.cat\/institutmontserratroig\/wp-json\/wp\/v2\/posts\/25636\/revisions\/25681"}],"wp:featuredmedia":[{"embeddable":true,"href":"https:\/\/agora.xtec.cat\/institutmontserratroig\/wp-json\/wp\/v2\/media\/25639"}],"wp:attachment":[{"href":"https:\/\/agora.xtec.cat\/institutmontserratroig\/wp-json\/wp\/v2\/media?parent=25636"}],"wp:term":[{"taxonomy":"category","embeddable":true,"href":"https:\/\/agora.xtec.cat\/institutmontserratroig\/wp-json\/wp\/v2\/categories?post=25636"},{"taxonomy":"post_tag","embeddable":true,"href":"https:\/\/agora.xtec.cat\/institutmontserratroig\/wp-json\/wp\/v2\/tags?post=25636"}],"curies":[{"name":"wp","href":"https:\/\/api.w.org\/{rel}","templated":true}]}}