{"id":25381,"date":"2023-01-24T21:42:36","date_gmt":"2023-01-24T20:42:36","guid":{"rendered":"https:\/\/agora.xtec.cat\/institutmontserratroig\/?p=25381"},"modified":"2023-01-24T21:54:39","modified_gmt":"2023-01-24T20:54:39","slug":"continua-la-setmana-classica-avui-teatre-els-ocells","status":"publish","type":"post","link":"https:\/\/agora.xtec.cat\/institutmontserratroig\/batxillerat\/continua-la-setmana-classica-avui-teatre-els-ocells\/","title":{"rendered":"Continua la setmana cl\u00e0ssica: avui teatre \u201cEls Ocells\u201d"},"content":{"rendered":"<p style=\"text-align: justify;\">Els alumnes de batxillerat de 1r i 2n avui han assistit al muntatge teatral de \u201cEls Ocells\u201d, realitzat per La Cal\u00f2rica sobre l\u2019obra del comedi\u00f2graf Arist\u00f2fanes.<\/p>\n<p style=\"text-align: justify;\"><img loading=\"lazy\" decoding=\"async\" class=\"size-large wp-image-25383 aligncenter\" src=\"https:\/\/agora.xtec.cat\/institutmontserratroig\/wp-content\/uploads\/usu342\/2023\/01\/Captura-de-Pantalla-2023-01-24-a-les-21.45.21-1024x463.png\" alt=\"\" width=\"1024\" height=\"463\" srcset=\"https:\/\/agora.xtec.cat\/institutmontserratroig\/wp-content\/uploads\/usu342\/2023\/01\/Captura-de-Pantalla-2023-01-24-a-les-21.45.21-1024x463.png 1024w, https:\/\/agora.xtec.cat\/institutmontserratroig\/wp-content\/uploads\/usu342\/2023\/01\/Captura-de-Pantalla-2023-01-24-a-les-21.45.21-300x136.png 300w, https:\/\/agora.xtec.cat\/institutmontserratroig\/wp-content\/uploads\/usu342\/2023\/01\/Captura-de-Pantalla-2023-01-24-a-les-21.45.21-768x348.png 768w, https:\/\/agora.xtec.cat\/institutmontserratroig\/wp-content\/uploads\/usu342\/2023\/01\/Captura-de-Pantalla-2023-01-24-a-les-21.45.21.png 1180w\" sizes=\"auto, (max-width: 1024px) 100vw, 1024px\" \/><br \/>\nLa proposta de La Cal\u00f2rica \u00e9s una actualitzaci\u00f3 que planteja, com ja ho feia el comedi\u00f2graf del segle VaC, qu\u00e8 poden fer dos homes que han perdut la confian\u00e7a en el govern i el sistema pol\u00edtic: crear una nova ciutat amb unes lleis pr\u00f2pies. L\u2019originalitat de la idea ser\u00e0 que ho fan en terra de ning\u00fa, en el cel. I a m\u00e9s aconsegueixen fer la punyeta a uns d\u00e9us que els tenen una mica abandonats.<\/p>\n<p style=\"text-align: justify;\">A partir d\u2019aquesta situaci\u00f3 esbojarrada, Arist\u00f2fanes fa una cr\u00edtica als vicis i defectes de la societat en la qual li ha tocat viure. I el mateix fa La Cal\u00f2rica, actualitzant la cr\u00edtica amb una mirada l\u00facida i esmolada que ens fa plantejar moltes coses de la nostra democr\u00e0cia actual. Hem rigut d\u2019all\u00f2 m\u00e9s&#8230;<\/p>\n<p style=\"text-align: justify;\">I en acabar, ja que \u00e9rem tan a prop, hem visitat Barcino, la Barcelona romana: la muralla, la necr\u00f2polis, el cardo, el decumanus, el temple&#8230;<\/p>\n<p style=\"text-align: justify;\">Ha estat un mat\u00ed ben complet.<\/p>\n<h5 style=\"text-align: center;\"><a href=\"https:\/\/photos.app.goo.gl\/rXEmZ2MyhUnqHaN46\" target=\"_blank\" rel=\"noopener\">M\u00e9s fotos del dia<\/a><\/h5>\n","protected":false},"excerpt":{"rendered":"<p>Els alumnes de batxillerat de 1r i 2n avui han assistit al muntatge teatral de \u201cEls Ocells\u201d, realitzat per La Cal\u00f2rica sobre l\u2019obra del comedi\u00f2graf Arist\u00f2fanes.<\/p>\n<p>La proposta de La Cal\u00f2rica \u00e9s una actualitzaci\u00f3 que planteja, com ja ho feia el comedi\u00f2graf del segle VaC, qu\u00e8&hellip;  <a href=\"https:\/\/agora.xtec.cat\/institutmontserratroig\/batxillerat\/continua-la-setmana-classica-avui-teatre-els-ocells\/\" title=\"Read Continua la setmana cl\u00e0ssica: avui teatre \u201cEls Ocells\u201d\">Llegeix m\u00e9s\u00bb<\/a><\/p>\n","protected":false},"author":1,"featured_media":25383,"comment_status":"open","ping_status":"closed","sticky":false,"template":"","format":"standard","meta":{"_bbp_topic_count":0,"_bbp_reply_count":0,"_bbp_total_topic_count":0,"_bbp_total_reply_count":0,"_bbp_voice_count":0,"_bbp_anonymous_reply_count":0,"_bbp_topic_count_hidden":0,"_bbp_reply_count_hidden":0,"_bbp_forum_subforum_count":0,"footnotes":""},"categories":[8,99,390,325,29],"tags":[179,40],"class_list":["post-25381","post","type-post","status-publish","format-standard","has-post-thumbnail","hentry","category-batxillerat","category-classiques","category-curs-2022-23","category-ins-montserrat-roig","category-portada","tag-sortides","tag-teatre"],"post_mailing_queue_ids":[],"_links":{"self":[{"href":"https:\/\/agora.xtec.cat\/institutmontserratroig\/wp-json\/wp\/v2\/posts\/25381","targetHints":{"allow":["GET"]}}],"collection":[{"href":"https:\/\/agora.xtec.cat\/institutmontserratroig\/wp-json\/wp\/v2\/posts"}],"about":[{"href":"https:\/\/agora.xtec.cat\/institutmontserratroig\/wp-json\/wp\/v2\/types\/post"}],"author":[{"embeddable":true,"href":"https:\/\/agora.xtec.cat\/institutmontserratroig\/wp-json\/wp\/v2\/users\/1"}],"replies":[{"embeddable":true,"href":"https:\/\/agora.xtec.cat\/institutmontserratroig\/wp-json\/wp\/v2\/comments?post=25381"}],"version-history":[{"count":3,"href":"https:\/\/agora.xtec.cat\/institutmontserratroig\/wp-json\/wp\/v2\/posts\/25381\/revisions"}],"predecessor-version":[{"id":25386,"href":"https:\/\/agora.xtec.cat\/institutmontserratroig\/wp-json\/wp\/v2\/posts\/25381\/revisions\/25386"}],"wp:featuredmedia":[{"embeddable":true,"href":"https:\/\/agora.xtec.cat\/institutmontserratroig\/wp-json\/wp\/v2\/media\/25383"}],"wp:attachment":[{"href":"https:\/\/agora.xtec.cat\/institutmontserratroig\/wp-json\/wp\/v2\/media?parent=25381"}],"wp:term":[{"taxonomy":"category","embeddable":true,"href":"https:\/\/agora.xtec.cat\/institutmontserratroig\/wp-json\/wp\/v2\/categories?post=25381"},{"taxonomy":"post_tag","embeddable":true,"href":"https:\/\/agora.xtec.cat\/institutmontserratroig\/wp-json\/wp\/v2\/tags?post=25381"}],"curies":[{"name":"wp","href":"https:\/\/api.w.org\/{rel}","templated":true}]}}