{"id":25117,"date":"2022-12-07T22:11:50","date_gmt":"2022-12-07T21:11:50","guid":{"rendered":"https:\/\/agora.xtec.cat\/institutmontserratroig\/?p=25117"},"modified":"2022-12-11T10:48:15","modified_gmt":"2022-12-11T09:48:15","slug":"moments-de-les-exposicions-del-projecte-de-primer","status":"publish","type":"post","link":"https:\/\/agora.xtec.cat\/institutmontserratroig\/portada\/moments-de-les-exposicions-del-projecte-de-primer\/","title":{"rendered":"Moments de les exposicions del projecte de primer"},"content":{"rendered":"<p><a href=\"https:\/\/photos.app.goo.gl\/EE7utg145of7rQd59\" target=\"_blank\" rel=\"noopener\"><img loading=\"lazy\" decoding=\"async\" class=\"aligncenter wp-image-25118 size-full\" title=\"Veure m\u00e9s fotos de les exposicions\" src=\"https:\/\/agora.xtec.cat\/institutmontserratroig\/wp-content\/uploads\/usu342\/2022\/12\/Captura-de-Pantalla-2022-12-07-a-les-22.10.36.png\" alt=\"\" width=\"786\" height=\"391\" srcset=\"https:\/\/agora.xtec.cat\/institutmontserratroig\/wp-content\/uploads\/usu342\/2022\/12\/Captura-de-Pantalla-2022-12-07-a-les-22.10.36.png 786w, https:\/\/agora.xtec.cat\/institutmontserratroig\/wp-content\/uploads\/usu342\/2022\/12\/Captura-de-Pantalla-2022-12-07-a-les-22.10.36-300x149.png 300w, https:\/\/agora.xtec.cat\/institutmontserratroig\/wp-content\/uploads\/usu342\/2022\/12\/Captura-de-Pantalla-2022-12-07-a-les-22.10.36-768x382.png 768w\" sizes=\"auto, (max-width: 786px) 100vw, 786px\" \/><\/a><\/p>\n<p style=\"text-align: justify;\">Compartim aquestes imatges de la preparaci\u00f3 i de les exposicions que han fet els diferents grups de primer d&#8217;ESO del seu projecte, l'&#8221;Aigua, un b\u00e9 esc\u00e0s i contaminat&#8221;.<\/p>\n<p style=\"text-align: justify;\">A les fotografies podeu veure com, a partir d&#8217;una capsa que pr\u00e8viament havien muntat a Tecnologia, han creat un expositor on representen les 9 idees, informacions importants o curiositats que m\u00e9s els han sorpr\u00e8s o interessat del projecte. Han utilitzat cadascun dels 9 espais de l&#8217;expositor incloent-hi diferents mecanismes (calaixets, diorames, desplegables, etiquetes, manipulables&#8230;) i han emprat diverses t\u00e8cniques, materials i objectes recol\u00b7lectats durant el projecte.<\/p>\n<p style=\"text-align: justify;\">Han quedat maqu\u00edssims!<\/p>\n<h5 style=\"text-align: center;\"><a href=\"https:\/\/photos.app.goo.gl\/EE7utg145of7rQd59\" target=\"_blank\" rel=\"noopener\">Totes les fotos<\/a><\/h5>\n","protected":false},"excerpt":{"rendered":"<p><a href=\"https:\/\/photos.app.goo.gl\/EE7utg145of7rQd59\" target=\"_blank\" rel=\"noopener\"><\/a><br \/>\nCompartim aquestes imatges de la preparaci\u00f3 i de les exposicions que han fet els diferents grups de primer d&#8217;ESO del seu projecte, l&#8217;&#8221;Aigua, un b\u00e9 esc\u00e0s i contaminat&#8221;.<br \/>\nA les fotografies podeu veure com, a partir d&#8217;una capsa que pr\u00e8viament havien muntat a&hellip;  <a href=\"https:\/\/agora.xtec.cat\/institutmontserratroig\/portada\/moments-de-les-exposicions-del-projecte-de-primer\/\" title=\"Read Moments de les exposicions del projecte de primer\">Llegeix m\u00e9s\u00bb<\/a><\/p>\n","protected":false},"author":1,"featured_media":25118,"comment_status":"open","ping_status":"closed","sticky":false,"template":"","format":"standard","meta":{"_bbp_topic_count":0,"_bbp_reply_count":0,"_bbp_total_topic_count":0,"_bbp_total_reply_count":0,"_bbp_voice_count":0,"_bbp_anonymous_reply_count":0,"_bbp_topic_count_hidden":0,"_bbp_reply_count_hidden":0,"_bbp_forum_subforum_count":0,"footnotes":""},"categories":[390,83,325,29,285],"tags":[367],"class_list":["post-25117","post","type-post","status-publish","format-standard","has-post-thumbnail","hentry","category-curs-2022-23","category-eso-1","category-ins-montserrat-roig","category-portada","category-projectes-trimestrals","tag-aigua-un-be-escas-contaminat"],"post_mailing_queue_ids":[],"_links":{"self":[{"href":"https:\/\/agora.xtec.cat\/institutmontserratroig\/wp-json\/wp\/v2\/posts\/25117","targetHints":{"allow":["GET"]}}],"collection":[{"href":"https:\/\/agora.xtec.cat\/institutmontserratroig\/wp-json\/wp\/v2\/posts"}],"about":[{"href":"https:\/\/agora.xtec.cat\/institutmontserratroig\/wp-json\/wp\/v2\/types\/post"}],"author":[{"embeddable":true,"href":"https:\/\/agora.xtec.cat\/institutmontserratroig\/wp-json\/wp\/v2\/users\/1"}],"replies":[{"embeddable":true,"href":"https:\/\/agora.xtec.cat\/institutmontserratroig\/wp-json\/wp\/v2\/comments?post=25117"}],"version-history":[{"count":3,"href":"https:\/\/agora.xtec.cat\/institutmontserratroig\/wp-json\/wp\/v2\/posts\/25117\/revisions"}],"predecessor-version":[{"id":25142,"href":"https:\/\/agora.xtec.cat\/institutmontserratroig\/wp-json\/wp\/v2\/posts\/25117\/revisions\/25142"}],"wp:featuredmedia":[{"embeddable":true,"href":"https:\/\/agora.xtec.cat\/institutmontserratroig\/wp-json\/wp\/v2\/media\/25118"}],"wp:attachment":[{"href":"https:\/\/agora.xtec.cat\/institutmontserratroig\/wp-json\/wp\/v2\/media?parent=25117"}],"wp:term":[{"taxonomy":"category","embeddable":true,"href":"https:\/\/agora.xtec.cat\/institutmontserratroig\/wp-json\/wp\/v2\/categories?post=25117"},{"taxonomy":"post_tag","embeddable":true,"href":"https:\/\/agora.xtec.cat\/institutmontserratroig\/wp-json\/wp\/v2\/tags?post=25117"}],"curies":[{"name":"wp","href":"https:\/\/api.w.org\/{rel}","templated":true}]}}