{"id":25042,"date":"2022-11-30T15:27:05","date_gmt":"2022-11-30T14:27:05","guid":{"rendered":"https:\/\/agora.xtec.cat\/institutmontserratroig\/?p=25042"},"modified":"2023-03-25T20:28:25","modified_gmt":"2023-03-25T19:28:25","slug":"2eso-al-museu-etnologic-i-de-cultures-del-mon","status":"publish","type":"post","link":"https:\/\/agora.xtec.cat\/institutmontserratroig\/portada\/2eso-al-museu-etnologic-i-de-cultures-del-mon\/","title":{"rendered":"2ESO al Museu Etnol\u00f2gic i de Cultures del M\u00f3n"},"content":{"rendered":"<p><a href=\"https:\/\/photos.app.goo.gl\/qESRBBDpmziuQpCx7\" target=\"_blank\" rel=\"noopener\"><img loading=\"lazy\" decoding=\"async\" class=\"size-full wp-image-25045 aligncenter\" src=\"https:\/\/agora.xtec.cat\/institutmontserratroig\/wp-content\/uploads\/usu342\/2022\/12\/Captura-de-Pantalla-2022-11-30-a-les-15.34.44.png\" alt=\"\" width=\"721\" height=\"400\" srcset=\"https:\/\/agora.xtec.cat\/institutmontserratroig\/wp-content\/uploads\/usu342\/2022\/12\/Captura-de-Pantalla-2022-11-30-a-les-15.34.44.png 721w, https:\/\/agora.xtec.cat\/institutmontserratroig\/wp-content\/uploads\/usu342\/2022\/12\/Captura-de-Pantalla-2022-11-30-a-les-15.34.44-300x166.png 300w\" sizes=\"auto, (max-width: 721px) 100vw, 721px\" \/><\/a><\/p>\n<p style=\"text-align: justify;\">Aquest dimarts 29, en el marc del projecte &#8220;Un pop-up hist\u00f2ric&#8221;, l&#8217;alumnat de 2n d&#8217;ESO ha fet una visita guiada al <a href=\"https:\/\/www.barcelona.cat\/museu-etnologic-culturesmon\/ca\" target=\"_blank\" rel=\"noopener\">Museu Etnol\u00f2gic i de les Cultures del M\u00f3n<\/a> del carrer Montcada. Han descobert caracter\u00edstiques i curiositats de diferents cultures d&#8217;arreu del m\u00f3n, especialment d&#8217;aquelles que s\u00f3n m\u00e9s llunyanes i que sovint queden fora del curr\u00edculum escolar.<\/p>\n<p style=\"text-align: justify;\">Juntament amb la recerca de llibres i p\u00e0gines d&#8217;internet, la visita els servir\u00e0 per preparar els seus llibres pop-up sobre civilitzacions antigues i medievals que han escollit, investigant sobre aspectes pol\u00edtics, econ\u00f2mics, socials, culturals, art\u00edstics, etc. A m\u00e9s, han apr\u00e8s els diferents mecanismes i t\u00e8cniques pl\u00e0stiques per elaborar-lo, faran descripcions en angl\u00e8s i aprendran a fer servir codis QR, sense oblidar els reptes que planteja el treball en grup.<\/p>\n<p style=\"text-align: justify;\">A veure com resulten els pop-ups&#8230;<\/p>\n<h5 style=\"text-align: center;\"><a href=\"https:\/\/photos.app.goo.gl\/qESRBBDpmziuQpCx7\" target=\"_blank\" rel=\"noopener\">Fotos de la sortida<\/a><\/h5>\n","protected":false},"excerpt":{"rendered":"<p><a href=\"https:\/\/photos.app.goo.gl\/qESRBBDpmziuQpCx7\" target=\"_blank\" rel=\"noopener\"><\/a><br \/>\nAquest dimarts 29, en el marc del projecte &#8220;Un pop-up hist\u00f2ric&#8221;, l&#8217;alumnat de 2n d&#8217;ESO ha fet una visita guiada al <a href=\"https:\/\/www.barcelona.cat\/museu-etnologic-culturesmon\/ca\" target=\"_blank\" rel=\"noopener\">Museu Etnol\u00f2gic i de les Cultures del M\u00f3n<\/a> del carrer Montcada. Han descobert caracter\u00edstiques i curiositats de diferents&hellip;  <a href=\"https:\/\/agora.xtec.cat\/institutmontserratroig\/portada\/2eso-al-museu-etnologic-i-de-cultures-del-mon\/\" title=\"Read 2ESO al Museu Etnol\u00f2gic i de Cultures del M\u00f3n\">Llegeix m\u00e9s\u00bb<\/a><\/p>\n","protected":false},"author":1,"featured_media":25045,"comment_status":"open","ping_status":"closed","sticky":false,"template":"","format":"standard","meta":{"_bbp_topic_count":0,"_bbp_reply_count":0,"_bbp_total_topic_count":0,"_bbp_total_reply_count":0,"_bbp_voice_count":0,"_bbp_anonymous_reply_count":0,"_bbp_topic_count_hidden":0,"_bbp_reply_count_hidden":0,"_bbp_forum_subforum_count":0,"footnotes":""},"categories":[390,84,325,29,285],"tags":[431,369,179],"class_list":["post-25042","post","type-post","status-publish","format-standard","has-post-thumbnail","hentry","category-curs-2022-23","category-eso-2","category-ins-montserrat-roig","category-portada","category-projectes-trimestrals","tag-museus","tag-pop-up-historic","tag-sortides"],"post_mailing_queue_ids":[],"_links":{"self":[{"href":"https:\/\/agora.xtec.cat\/institutmontserratroig\/wp-json\/wp\/v2\/posts\/25042","targetHints":{"allow":["GET"]}}],"collection":[{"href":"https:\/\/agora.xtec.cat\/institutmontserratroig\/wp-json\/wp\/v2\/posts"}],"about":[{"href":"https:\/\/agora.xtec.cat\/institutmontserratroig\/wp-json\/wp\/v2\/types\/post"}],"author":[{"embeddable":true,"href":"https:\/\/agora.xtec.cat\/institutmontserratroig\/wp-json\/wp\/v2\/users\/1"}],"replies":[{"embeddable":true,"href":"https:\/\/agora.xtec.cat\/institutmontserratroig\/wp-json\/wp\/v2\/comments?post=25042"}],"version-history":[{"count":3,"href":"https:\/\/agora.xtec.cat\/institutmontserratroig\/wp-json\/wp\/v2\/posts\/25042\/revisions"}],"predecessor-version":[{"id":25046,"href":"https:\/\/agora.xtec.cat\/institutmontserratroig\/wp-json\/wp\/v2\/posts\/25042\/revisions\/25046"}],"wp:featuredmedia":[{"embeddable":true,"href":"https:\/\/agora.xtec.cat\/institutmontserratroig\/wp-json\/wp\/v2\/media\/25045"}],"wp:attachment":[{"href":"https:\/\/agora.xtec.cat\/institutmontserratroig\/wp-json\/wp\/v2\/media?parent=25042"}],"wp:term":[{"taxonomy":"category","embeddable":true,"href":"https:\/\/agora.xtec.cat\/institutmontserratroig\/wp-json\/wp\/v2\/categories?post=25042"},{"taxonomy":"post_tag","embeddable":true,"href":"https:\/\/agora.xtec.cat\/institutmontserratroig\/wp-json\/wp\/v2\/tags?post=25042"}],"curies":[{"name":"wp","href":"https:\/\/api.w.org\/{rel}","templated":true}]}}