{"id":24971,"date":"2022-11-25T00:24:49","date_gmt":"2022-11-24T23:24:49","guid":{"rendered":"https:\/\/agora.xtec.cat\/institutmontserratroig\/?p=24971"},"modified":"2022-11-25T20:44:08","modified_gmt":"2022-11-25T19:44:08","slug":"dia-internacional-per-a-leliminacio-de-la-violencia-envers-les-dones-2","status":"publish","type":"post","link":"https:\/\/agora.xtec.cat\/institutmontserratroig\/portada\/dia-internacional-per-a-leliminacio-de-la-violencia-envers-les-dones-2\/","title":{"rendered":"Dia Internacional per a l&#8217;Eliminaci\u00f3 de la Viol\u00e8ncia Envers les Dones"},"content":{"rendered":"<p style=\"text-align: justify;\">Aquesta data ret homenatge i recorda Minerva, Patria i Mar\u00eda Teresa Mirabal, tres germanes activistes assassinades per la policia secreta del dictador Rafael Trujillo l\u2019any 1960 a la Rep\u00fablica Dominicana. Les van matar el 25 de novembre d\u2019aquell any quan tornaven de visitar els seus marits empresonats.<\/p>\n<table style=\"width: 100%; border: none;\">\n<tbody>\n<tr>\n<td style=\"text-align: center; border: none;\"><iframe loading=\"lazy\" title=\"YouTube video player\" src=\"https:\/\/www.youtube.com\/embed\/zSQIwrpWUUk\" width=\"800\" height=\"450\" frameborder=\"0\" allowfullscreen=\"allowfullscreen\"><\/iframe>&gt;<\/td>\n<\/tr>\n<\/tbody>\n<\/table>\n<p>_____________________________<br \/>\nFont: <a href=\"https:\/\/www.vilaweb.cat\/noticies\/per-que-25-novembre-violencia-masclista\/\" target=\"_blank\" rel=\"noopener\">Vilaweb: Per qu\u00e8 el 25 de novembre \u00e9s el dia contra la viol\u00e8ncia masclista?<\/a><br \/>\n<a href=\"https:\/\/educacio.gencat.cat\/ca\/departament\/publicacions\/campanyes\/dia-internacional-eliminacio-violencia-envers-dones\/\" target=\"_blank\" rel=\"noopener\">GenCat. Dia Internacional per a l&#8217;Eliminaci\u00f3 de la Viol\u00e8ncia Envers les Dones<\/a><\/p>\n","protected":false},"excerpt":{"rendered":"<p>Aquesta data ret homenatge i recorda Minerva, Patria i Mar\u00eda Teresa Mirabal, tres germanes activistes assassinades per la policia secreta del dictador Rafael Trujillo l\u2019any 1960 a la Rep\u00fablica Dominicana. Les van matar el 25 de novembre d\u2019aquell any quan tornaven de visitar els seus&hellip;  <a href=\"https:\/\/agora.xtec.cat\/institutmontserratroig\/portada\/dia-internacional-per-a-leliminacio-de-la-violencia-envers-les-dones-2\/\" title=\"Read Dia Internacional per a l&#8217;Eliminaci\u00f3 de la Viol\u00e8ncia Envers les Dones\">Llegeix m\u00e9s\u00bb<\/a><\/p>\n","protected":false},"author":1,"featured_media":24973,"comment_status":"open","ping_status":"closed","sticky":false,"template":"","format":"standard","meta":{"_bbp_topic_count":0,"_bbp_reply_count":0,"_bbp_total_topic_count":0,"_bbp_total_reply_count":0,"_bbp_voice_count":0,"_bbp_anonymous_reply_count":0,"_bbp_topic_count_hidden":0,"_bbp_reply_count_hidden":0,"_bbp_forum_subforum_count":0,"footnotes":""},"categories":[390,325,29],"tags":[326,132],"class_list":["post-24971","post","type-post","status-publish","format-standard","has-post-thumbnail","hentry","category-curs-2022-23","category-ins-montserrat-roig","category-portada","tag-25-de-novembre","tag-dies-de"],"post_mailing_queue_ids":[],"_links":{"self":[{"href":"https:\/\/agora.xtec.cat\/institutmontserratroig\/wp-json\/wp\/v2\/posts\/24971","targetHints":{"allow":["GET"]}}],"collection":[{"href":"https:\/\/agora.xtec.cat\/institutmontserratroig\/wp-json\/wp\/v2\/posts"}],"about":[{"href":"https:\/\/agora.xtec.cat\/institutmontserratroig\/wp-json\/wp\/v2\/types\/post"}],"author":[{"embeddable":true,"href":"https:\/\/agora.xtec.cat\/institutmontserratroig\/wp-json\/wp\/v2\/users\/1"}],"replies":[{"embeddable":true,"href":"https:\/\/agora.xtec.cat\/institutmontserratroig\/wp-json\/wp\/v2\/comments?post=24971"}],"version-history":[{"count":2,"href":"https:\/\/agora.xtec.cat\/institutmontserratroig\/wp-json\/wp\/v2\/posts\/24971\/revisions"}],"predecessor-version":[{"id":24974,"href":"https:\/\/agora.xtec.cat\/institutmontserratroig\/wp-json\/wp\/v2\/posts\/24971\/revisions\/24974"}],"wp:featuredmedia":[{"embeddable":true,"href":"https:\/\/agora.xtec.cat\/institutmontserratroig\/wp-json\/wp\/v2\/media\/24973"}],"wp:attachment":[{"href":"https:\/\/agora.xtec.cat\/institutmontserratroig\/wp-json\/wp\/v2\/media?parent=24971"}],"wp:term":[{"taxonomy":"category","embeddable":true,"href":"https:\/\/agora.xtec.cat\/institutmontserratroig\/wp-json\/wp\/v2\/categories?post=24971"},{"taxonomy":"post_tag","embeddable":true,"href":"https:\/\/agora.xtec.cat\/institutmontserratroig\/wp-json\/wp\/v2\/tags?post=24971"}],"curies":[{"name":"wp","href":"https:\/\/api.w.org\/{rel}","templated":true}]}}