{"id":24936,"date":"2022-11-17T19:19:27","date_gmt":"2022-11-17T18:19:27","guid":{"rendered":"https:\/\/agora.xtec.cat\/institutmontserratroig\/?p=24936"},"modified":"2022-11-17T20:37:24","modified_gmt":"2022-11-17T19:37:24","slug":"sortida-a-la-serralada-de-marina","status":"publish","type":"post","link":"https:\/\/agora.xtec.cat\/institutmontserratroig\/portada\/sortida-a-la-serralada-de-marina\/","title":{"rendered":"Sortida a la Serralada de Marina"},"content":{"rendered":"<p style=\"text-align: justify;\"><a href=\"https:\/\/photos.app.goo.gl\/JhnFpFtuoR9ZAUT18\" target=\"_blank\" rel=\"noopener\"><img loading=\"lazy\" decoding=\"async\" class=\"aligncenter wp-image-24940 size-full\" title=\"\u00c0lbum de fotos\" src=\"https:\/\/agora.xtec.cat\/institutmontserratroig\/wp-content\/uploads\/usu342\/2022\/11\/Captura-de-Pantalla-2022-11-17-a-les-19.27.45.png\" alt=\"\" width=\"792\" height=\"425\" srcset=\"https:\/\/agora.xtec.cat\/institutmontserratroig\/wp-content\/uploads\/usu342\/2022\/11\/Captura-de-Pantalla-2022-11-17-a-les-19.27.45.png 792w, https:\/\/agora.xtec.cat\/institutmontserratroig\/wp-content\/uploads\/usu342\/2022\/11\/Captura-de-Pantalla-2022-11-17-a-les-19.27.45-300x161.png 300w, https:\/\/agora.xtec.cat\/institutmontserratroig\/wp-content\/uploads\/usu342\/2022\/11\/Captura-de-Pantalla-2022-11-17-a-les-19.27.45-768x412.png 768w\" sizes=\"auto, (max-width: 792px) 100vw, 792px\" \/><\/a><br \/>\nAquest mat\u00ed, l&#8217;alumnat de tercer d&#8217;ESO ha fet una sortida de tutoria per la Serralada de Marina. De cam\u00ed, ha passat per l&#8217;Ermita de Sant Climent i ha visitat el monestir de Sant Jeroni de la Murtra, antic convent de monjos a Santa Coloma de Gramenet que, actualment, \u00e9s un recinte obert al p\u00fablic que ofereix rep\u00f2s, solitud i silenci. Tamb\u00e9 ha visitat els jaciments del poblat Ib\u00e8ric de Puig Castellar, uns jaciments arqueol\u00f2gics que daten del s. V aC i que estan situats al punt m\u00e9s alt de la ciutat, a uns 303 m.<\/p>\n<p style=\"text-align: justify;\">Anem sumant experi\u00e8ncies i fent grup!<\/p>\n<h5 style=\"text-align: center;\"><a href=\"https:\/\/photos.app.goo.gl\/JhnFpFtuoR9ZAUT18\" target=\"_blank\" rel=\"noopener\">Fotos de l&#8217;excursi\u00f3<\/a><\/h5>\n","protected":false},"excerpt":{"rendered":"<p><a href=\"https:\/\/photos.app.goo.gl\/JhnFpFtuoR9ZAUT18\" target=\"_blank\" rel=\"noopener\"><\/a><br \/>\nAquest mat\u00ed, l&#8217;alumnat de tercer d&#8217;ESO ha fet una sortida de tutoria per la Serralada de Marina. De cam\u00ed, ha passat per l&#8217;Ermita de Sant Climent i ha visitat el monestir de Sant Jeroni de la Murtra, antic convent de monjos a&hellip;  <a href=\"https:\/\/agora.xtec.cat\/institutmontserratroig\/portada\/sortida-a-la-serralada-de-marina\/\" title=\"Read Sortida a la Serralada de Marina\">Llegeix m\u00e9s\u00bb<\/a><\/p>\n","protected":false},"author":1,"featured_media":24942,"comment_status":"open","ping_status":"closed","sticky":false,"template":"","format":"standard","meta":{"_bbp_topic_count":0,"_bbp_reply_count":0,"_bbp_total_topic_count":0,"_bbp_total_reply_count":0,"_bbp_voice_count":0,"_bbp_anonymous_reply_count":0,"_bbp_topic_count_hidden":0,"_bbp_reply_count_hidden":0,"_bbp_forum_subforum_count":0,"footnotes":""},"categories":[390,85,325,29],"tags":[179,155],"class_list":["post-24936","post","type-post","status-publish","format-standard","has-post-thumbnail","hentry","category-curs-2022-23","category-eso-3","category-ins-montserrat-roig","category-portada","tag-sortides","tag-tutoria"],"post_mailing_queue_ids":[],"_links":{"self":[{"href":"https:\/\/agora.xtec.cat\/institutmontserratroig\/wp-json\/wp\/v2\/posts\/24936","targetHints":{"allow":["GET"]}}],"collection":[{"href":"https:\/\/agora.xtec.cat\/institutmontserratroig\/wp-json\/wp\/v2\/posts"}],"about":[{"href":"https:\/\/agora.xtec.cat\/institutmontserratroig\/wp-json\/wp\/v2\/types\/post"}],"author":[{"embeddable":true,"href":"https:\/\/agora.xtec.cat\/institutmontserratroig\/wp-json\/wp\/v2\/users\/1"}],"replies":[{"embeddable":true,"href":"https:\/\/agora.xtec.cat\/institutmontserratroig\/wp-json\/wp\/v2\/comments?post=24936"}],"version-history":[{"count":3,"href":"https:\/\/agora.xtec.cat\/institutmontserratroig\/wp-json\/wp\/v2\/posts\/24936\/revisions"}],"predecessor-version":[{"id":24944,"href":"https:\/\/agora.xtec.cat\/institutmontserratroig\/wp-json\/wp\/v2\/posts\/24936\/revisions\/24944"}],"wp:featuredmedia":[{"embeddable":true,"href":"https:\/\/agora.xtec.cat\/institutmontserratroig\/wp-json\/wp\/v2\/media\/24942"}],"wp:attachment":[{"href":"https:\/\/agora.xtec.cat\/institutmontserratroig\/wp-json\/wp\/v2\/media?parent=24936"}],"wp:term":[{"taxonomy":"category","embeddable":true,"href":"https:\/\/agora.xtec.cat\/institutmontserratroig\/wp-json\/wp\/v2\/categories?post=24936"},{"taxonomy":"post_tag","embeddable":true,"href":"https:\/\/agora.xtec.cat\/institutmontserratroig\/wp-json\/wp\/v2\/tags?post=24936"}],"curies":[{"name":"wp","href":"https:\/\/api.w.org\/{rel}","templated":true}]}}