{"id":24924,"date":"2022-11-15T13:40:39","date_gmt":"2022-11-15T12:40:39","guid":{"rendered":"https:\/\/agora.xtec.cat\/institutmontserratroig\/?p=24924"},"modified":"2022-11-16T08:51:29","modified_gmt":"2022-11-16T07:51:29","slug":"felicitats-cientifics-i-cientifiques","status":"publish","type":"post","link":"https:\/\/agora.xtec.cat\/institutmontserratroig\/portada\/felicitats-cientifics-i-cientifiques\/","title":{"rendered":"Felicitats, cient\u00edfics i cient\u00edfiques!"},"content":{"rendered":"<p style=\"text-align: justify;\"><a href=\"https:\/\/agora.xtec.cat\/institutmontserratroig\/wp-content\/uploads\/usu342\/2018\/11\/imatge-St.-Albert-per-Tommaso-da-Modena-1352-216x300.jpg\"><img loading=\"lazy\" decoding=\"async\" class=\"alignleft wp-image-12859 size-medium\" src=\"https:\/\/agora.xtec.cat\/institutmontserratroig\/wp-content\/uploads\/usu342\/2018\/11\/imatge-St.-Albert-per-Tommaso-da-Modena-1352-216x300-216x300.jpg\" alt=\"\" width=\"216\" height=\"300\" \/><\/a>Perqu\u00e8 avui \u00e9s Sant Albert, patr\u00f3 dels estudiants i estudiosos de les ci\u00e8ncies naturals. Albert el Gran va ser bisbe, dominic i una autoritat en f\u00edsica, matem\u00e0tiques, biologia, geologia, astronomia, filosofia i alqu\u00edmia, entre altres disciplines. Fou canonitzat el 1931 per Pius XI, qui el va proclamar Doctor oficial de l\u2019Esgl\u00e9sia. Va ser a 1941 quan Pius XII el va proclamar patr\u00f3 dels estudiants i estudiosos de les ci\u00e8ncies naturals. Fins i tot se l\u2019anomen\u00e0, i aix\u00ed el trobem repetidament citat, Doctor Universalis, per la vastitud dels seus interessos i del seu saber.<\/p>\n<p>Font: Wikip\u00e8dia<\/p>\n","protected":false},"excerpt":{"rendered":"<p><a href=\"https:\/\/agora.xtec.cat\/institutmontserratroig\/wp-content\/uploads\/usu342\/2018\/11\/imatge-St.-Albert-per-Tommaso-da-Modena-1352-216x300.jpg\"><\/a>Perqu\u00e8 avui \u00e9s Sant Albert, patr\u00f3 dels estudiants i estudiosos de les ci\u00e8ncies naturals. Albert el Gran va ser bisbe, dominic i una autoritat en f\u00edsica, matem\u00e0tiques, biologia, geologia, astronomia, filosofia i alqu\u00edmia, entre altres disciplines. Fou canonitzat el 1931 per Pius XI, qui&hellip;  <a href=\"https:\/\/agora.xtec.cat\/institutmontserratroig\/portada\/felicitats-cientifics-i-cientifiques\/\" title=\"Read Felicitats, cient\u00edfics i cient\u00edfiques!\">Llegeix m\u00e9s\u00bb<\/a><\/p>\n","protected":false},"author":1,"featured_media":16683,"comment_status":"open","ping_status":"closed","sticky":false,"template":"","format":"standard","meta":{"_bbp_topic_count":0,"_bbp_reply_count":0,"_bbp_total_topic_count":0,"_bbp_total_reply_count":0,"_bbp_voice_count":0,"_bbp_anonymous_reply_count":0,"_bbp_topic_count_hidden":0,"_bbp_reply_count_hidden":0,"_bbp_forum_subforum_count":0,"footnotes":""},"categories":[390,325,29],"tags":[132],"class_list":["post-24924","post","type-post","status-publish","format-standard","has-post-thumbnail","hentry","category-curs-2022-23","category-ins-montserrat-roig","category-portada","tag-dies-de"],"post_mailing_queue_ids":[],"_links":{"self":[{"href":"https:\/\/agora.xtec.cat\/institutmontserratroig\/wp-json\/wp\/v2\/posts\/24924","targetHints":{"allow":["GET"]}}],"collection":[{"href":"https:\/\/agora.xtec.cat\/institutmontserratroig\/wp-json\/wp\/v2\/posts"}],"about":[{"href":"https:\/\/agora.xtec.cat\/institutmontserratroig\/wp-json\/wp\/v2\/types\/post"}],"author":[{"embeddable":true,"href":"https:\/\/agora.xtec.cat\/institutmontserratroig\/wp-json\/wp\/v2\/users\/1"}],"replies":[{"embeddable":true,"href":"https:\/\/agora.xtec.cat\/institutmontserratroig\/wp-json\/wp\/v2\/comments?post=24924"}],"version-history":[{"count":1,"href":"https:\/\/agora.xtec.cat\/institutmontserratroig\/wp-json\/wp\/v2\/posts\/24924\/revisions"}],"predecessor-version":[{"id":24925,"href":"https:\/\/agora.xtec.cat\/institutmontserratroig\/wp-json\/wp\/v2\/posts\/24924\/revisions\/24925"}],"wp:featuredmedia":[{"embeddable":true,"href":"https:\/\/agora.xtec.cat\/institutmontserratroig\/wp-json\/wp\/v2\/media\/16683"}],"wp:attachment":[{"href":"https:\/\/agora.xtec.cat\/institutmontserratroig\/wp-json\/wp\/v2\/media?parent=24924"}],"wp:term":[{"taxonomy":"category","embeddable":true,"href":"https:\/\/agora.xtec.cat\/institutmontserratroig\/wp-json\/wp\/v2\/categories?post=24924"},{"taxonomy":"post_tag","embeddable":true,"href":"https:\/\/agora.xtec.cat\/institutmontserratroig\/wp-json\/wp\/v2\/tags?post=24924"}],"curies":[{"name":"wp","href":"https:\/\/api.w.org\/{rel}","templated":true}]}}