{"id":24774,"date":"2022-11-08T20:50:12","date_gmt":"2022-11-08T19:50:12","guid":{"rendered":"https:\/\/agora.xtec.cat\/institutmontserratroig\/?p=24774"},"modified":"2023-06-02T12:10:48","modified_gmt":"2023-06-02T10:10:48","slug":"concurs-de-fotografia-cientifica-i-altres-concursos","status":"publish","type":"post","link":"https:\/\/agora.xtec.cat\/institutmontserratroig\/portada\/concurs-de-fotografia-cientifica-i-altres-concursos\/","title":{"rendered":"Concurs de fotografia cient\u00edfica i altres concursos"},"content":{"rendered":"<p style=\"text-align: justify;\">Amb motiu de la <a href=\"https:\/\/setmanaciencia.fundaciorecerca.cat\/frontend\/\" target=\"_blank\" rel=\"noopener\">27a Setmana de la Ci\u00e8ncia<\/a>, el departament de ci\u00e8ncies ha organitzat diversos concursos: Un de fotografia cient\u00edfica per a 3r i 4t d&#8217;ESO; un concurs de dibuix on s&#8217;il\u00b7lustri com \u00e9s un\/a cient\u00edfic\/a i la seva feina, per a 1r d&#8217;ESO; i un tercer concurs sobre un p\u00f2ster, amb fonament cient\u00edfic, per a 2n d&#8217;ESO.<\/p>\n<p style=\"text-align: justify;\">Tota la informaci\u00f3 relacionada amb els concursos ja ha estat explicada a l&#8217;alumnat i tamb\u00e9 es troba penjada al suro de les classes amb les bases, les condicions, els premis, etc. I, sobretot, la data \u00faltima d&#8217;entrega (<strong>18 de novembre<\/strong>) en qu\u00e8 ja han d&#8217;haver <strong>enviat per mail<\/strong> el treball corresponent al seu\/va professor\/a de ci\u00e8ncies.<\/p>\n<table style=\"width: 100%; border: none;\">\n<tbody>\n<tr>\n<th style=\"text-align: center; width: 25%;\">Concurs de fotografia cient\u00edfica<\/th>\n<th style=\"text-align: center; width: 25%;\">Exemples de fotografia cient\u00edfica<\/th>\n<th style=\"text-align: center; width: 25%;\">Com \u00e9s un\/a cient\u00edfic\/a?<\/th>\n<th style=\"text-align: center; width: 25%;\">P\u00f2ster cient\u00edfic<\/th>\n<\/tr>\n<\/tbody>\n<tbody>\n<tr>\n<td style=\"text-align: center; border: none;\"><a href=\"https:\/\/drive.google.com\/file\/d\/1z1A8cH5GbS2LBUO7n2fHu4YgBDIm6YOh\/view?usp=share_link\" target=\"_blank\" rel=\"noopener\"><img loading=\"lazy\" decoding=\"async\" class=\"aligncenter wp-image-24776 size-full\" src=\"https:\/\/agora.xtec.cat\/institutmontserratroig\/wp-content\/uploads\/usu342\/2022\/11\/Captura-de-Pantalla-2022-11-08-a-les-20.41.44.png\" alt=\"\" width=\"288\" height=\"408\" srcset=\"https:\/\/agora.xtec.cat\/institutmontserratroig\/wp-content\/uploads\/usu342\/2022\/11\/Captura-de-Pantalla-2022-11-08-a-les-20.41.44.png 288w, https:\/\/agora.xtec.cat\/institutmontserratroig\/wp-content\/uploads\/usu342\/2022\/11\/Captura-de-Pantalla-2022-11-08-a-les-20.41.44-212x300.png 212w\" sizes=\"auto, (max-width: 288px) 100vw, 288px\" \/><\/a><\/td>\n<td style=\"text-align: center; border: none;\"><a href=\"https:\/\/drive.google.com\/file\/d\/1xgzRpyVTKinCrDRT_2T_nFwX0vkwKXd4\/view?usp=share_link\" target=\"_blank\" rel=\"noopener\"><img loading=\"lazy\" decoding=\"async\" class=\"size-full wp-image-24779 aligncenter\" src=\"https:\/\/agora.xtec.cat\/institutmontserratroig\/wp-content\/uploads\/usu342\/2022\/11\/Captura-de-Pantalla-2022-11-08-a-les-20.42.51.png\" alt=\"\" width=\"683\" height=\"782\" srcset=\"https:\/\/agora.xtec.cat\/institutmontserratroig\/wp-content\/uploads\/usu342\/2022\/11\/Captura-de-Pantalla-2022-11-08-a-les-20.42.51.png 683w, https:\/\/agora.xtec.cat\/institutmontserratroig\/wp-content\/uploads\/usu342\/2022\/11\/Captura-de-Pantalla-2022-11-08-a-les-20.42.51-262x300.png 262w\" sizes=\"auto, (max-width: 683px) 100vw, 683px\" \/><\/a><\/td>\n<td style=\"text-align: center; border: none;\"><a href=\"https:\/\/drive.google.com\/file\/d\/1cJvWdHt_rRDIjY_3HA-uyvH82bJQ0e0Q\/view?usp=share_link\" target=\"_blank\" rel=\"noopener\"><img loading=\"lazy\" decoding=\"async\" class=\"size-full wp-image-24777 aligncenter\" src=\"https:\/\/agora.xtec.cat\/institutmontserratroig\/wp-content\/uploads\/usu342\/2022\/11\/Captura-de-Pantalla-2022-11-08-a-les-20.41.59.png\" alt=\"\" width=\"287\" height=\"408\" srcset=\"https:\/\/agora.xtec.cat\/institutmontserratroig\/wp-content\/uploads\/usu342\/2022\/11\/Captura-de-Pantalla-2022-11-08-a-les-20.41.59.png 287w, https:\/\/agora.xtec.cat\/institutmontserratroig\/wp-content\/uploads\/usu342\/2022\/11\/Captura-de-Pantalla-2022-11-08-a-les-20.41.59-211x300.png 211w\" sizes=\"auto, (max-width: 287px) 100vw, 287px\" \/><\/a><\/td>\n<td style=\"text-align: center; border: none;\"><a href=\"https:\/\/docs.google.com\/document\/d\/132QZkfe938aR85vkJF2jXdu3b8J0bKds\/edit?usp=share_link&amp;ouid=114641614245788462580&amp;rtpof=true&amp;sd=true\" target=\"_blank\" rel=\"noopener\"><img loading=\"lazy\" decoding=\"async\" class=\"size-full wp-image-24778 aligncenter\" src=\"https:\/\/agora.xtec.cat\/institutmontserratroig\/wp-content\/uploads\/usu342\/2022\/11\/Captura-de-Pantalla-2022-11-08-a-les-20.42.09.png\" alt=\"\" width=\"300\" height=\"408\" srcset=\"https:\/\/agora.xtec.cat\/institutmontserratroig\/wp-content\/uploads\/usu342\/2022\/11\/Captura-de-Pantalla-2022-11-08-a-les-20.42.09.png 300w, https:\/\/agora.xtec.cat\/institutmontserratroig\/wp-content\/uploads\/usu342\/2022\/11\/Captura-de-Pantalla-2022-11-08-a-les-20.42.09-221x300.png 221w\" sizes=\"auto, (max-width: 300px) 100vw, 300px\" \/><\/a><\/td>\n<\/tr>\n<\/tbody>\n<\/table>\n","protected":false},"excerpt":{"rendered":"<p>Amb motiu de la <a href=\"https:\/\/setmanaciencia.fundaciorecerca.cat\/frontend\/\" target=\"_blank\" rel=\"noopener\">27a Setmana de la Ci\u00e8ncia<\/a>, el departament de ci\u00e8ncies ha organitzat diversos concursos: Un de fotografia cient\u00edfica per a 3r i 4t d&#8217;ESO; un concurs de dibuix on s&#8217;il\u00b7lustri com \u00e9s un\/a cient\u00edfic\/a i la seva feina, per&hellip;  <a href=\"https:\/\/agora.xtec.cat\/institutmontserratroig\/portada\/concurs-de-fotografia-cientifica-i-altres-concursos\/\" title=\"Read Concurs de fotografia cient\u00edfica i altres concursos\">Llegeix m\u00e9s\u00bb<\/a><\/p>\n","protected":false},"author":1,"featured_media":24780,"comment_status":"open","ping_status":"closed","sticky":false,"template":"","format":"standard","meta":{"_bbp_topic_count":0,"_bbp_reply_count":0,"_bbp_total_topic_count":0,"_bbp_total_reply_count":0,"_bbp_voice_count":0,"_bbp_anonymous_reply_count":0,"_bbp_topic_count_hidden":0,"_bbp_reply_count_hidden":0,"_bbp_forum_subforum_count":0,"footnotes":""},"categories":[92,390,83,84,85,86,325,29,300],"tags":[397,346,441],"class_list":["post-24774","post","type-post","status-publish","format-standard","has-post-thumbnail","hentry","category-ciencies-naturals","category-curs-2022-23","category-eso-1","category-eso-2","category-eso-3","category-eso-4","category-ins-montserrat-roig","category-portada","category-setmana-de-la-ciencia","tag-27a-setmana-ciencia","tag-concurs","tag-fotografia"],"post_mailing_queue_ids":[],"_links":{"self":[{"href":"https:\/\/agora.xtec.cat\/institutmontserratroig\/wp-json\/wp\/v2\/posts\/24774","targetHints":{"allow":["GET"]}}],"collection":[{"href":"https:\/\/agora.xtec.cat\/institutmontserratroig\/wp-json\/wp\/v2\/posts"}],"about":[{"href":"https:\/\/agora.xtec.cat\/institutmontserratroig\/wp-json\/wp\/v2\/types\/post"}],"author":[{"embeddable":true,"href":"https:\/\/agora.xtec.cat\/institutmontserratroig\/wp-json\/wp\/v2\/users\/1"}],"replies":[{"embeddable":true,"href":"https:\/\/agora.xtec.cat\/institutmontserratroig\/wp-json\/wp\/v2\/comments?post=24774"}],"version-history":[{"count":2,"href":"https:\/\/agora.xtec.cat\/institutmontserratroig\/wp-json\/wp\/v2\/posts\/24774\/revisions"}],"predecessor-version":[{"id":24781,"href":"https:\/\/agora.xtec.cat\/institutmontserratroig\/wp-json\/wp\/v2\/posts\/24774\/revisions\/24781"}],"wp:featuredmedia":[{"embeddable":true,"href":"https:\/\/agora.xtec.cat\/institutmontserratroig\/wp-json\/wp\/v2\/media\/24780"}],"wp:attachment":[{"href":"https:\/\/agora.xtec.cat\/institutmontserratroig\/wp-json\/wp\/v2\/media?parent=24774"}],"wp:term":[{"taxonomy":"category","embeddable":true,"href":"https:\/\/agora.xtec.cat\/institutmontserratroig\/wp-json\/wp\/v2\/categories?post=24774"},{"taxonomy":"post_tag","embeddable":true,"href":"https:\/\/agora.xtec.cat\/institutmontserratroig\/wp-json\/wp\/v2\/tags?post=24774"}],"curies":[{"name":"wp","href":"https:\/\/api.w.org\/{rel}","templated":true}]}}