{"id":24497,"date":"2022-09-14T09:07:36","date_gmt":"2022-09-14T07:07:36","guid":{"rendered":"https:\/\/agora.xtec.cat\/institutmontserratroig\/?p=24497"},"modified":"2022-09-14T09:45:00","modified_gmt":"2022-09-14T07:45:00","slug":"en-javier-rivera-un-exemple-inspirador","status":"publish","type":"post","link":"https:\/\/agora.xtec.cat\/institutmontserratroig\/portada\/en-javier-rivera-un-exemple-inspirador\/","title":{"rendered":"En Javier Rivera, un exemple inspirador"},"content":{"rendered":"<p style=\"text-align: justify;\">El passat dia 13 de setembre els alumnes de 1r de Batxillerat vam tenir la sort de rebre una visita molt especial.<\/p>\n<p style=\"text-align: justify;\">En Javier Rivera Hern\u00e1ndez era un jove m\u00e9s del barri que en acabar 2n BATX i gr\u00e0cies a la seva perseveran\u00e7a i dedicaci\u00f3 va aconseguir una beca per estudiar f\u00edsica al Saint Mary\u2019s College de Calif\u00f2rnia, USA. Actualment, continua vivint a la West Coast i recentment ha trobat feina en una start up.<\/p>\n<p style=\"text-align: justify;\">Ens ha regalat el seu temps per ajudar-nos a entendre el proc\u00e9s que va seguir fins a poder arribar a complir els seus somnis.<\/p>\n<p style=\"text-align: justify;\">Un exemple inspirador de com amb ganes i il\u00b7lusi\u00f3, travessar oceans que semblen insondables \u00e9s possible!!<\/p>\n\n\t\t<style type=\"text\/css\">\n\t\t\t#gallery-1 {\n\t\t\t\tmargin: auto;\n\t\t\t}\n\t\t\t#gallery-1 .gallery-item {\n\t\t\t\tfloat: left;\n\t\t\t\tmargin-top: 10px;\n\t\t\t\ttext-align: center;\n\t\t\t\twidth: 50%;\n\t\t\t}\n\t\t\t#gallery-1 img {\n\t\t\t\tborder: 2px solid #cfcfcf;\n\t\t\t}\n\t\t\t#gallery-1 .gallery-caption {\n\t\t\t\tmargin-left: 0;\n\t\t\t}\n\t\t\t\/* see gallery_shortcode() in wp-includes\/media.php *\/\n\t\t<\/style>\n\t\t<div id='gallery-1' class='gallery galleryid-24497 gallery-columns-2 gallery-size-large'><dl class='gallery-item'>\n\t\t\t<dt class='gallery-icon landscape'>\n\t\t\t\t<a href='https:\/\/agora.xtec.cat\/institutmontserratroig\/wp-content\/uploads\/usu342\/2022\/09\/1663089295532.jpg'><img loading=\"lazy\" decoding=\"async\" width=\"1024\" height=\"766\" src=\"https:\/\/agora.xtec.cat\/institutmontserratroig\/wp-content\/uploads\/usu342\/2022\/09\/1663089295532.jpg\" class=\"attachment-large size-large\" alt=\"\" srcset=\"https:\/\/agora.xtec.cat\/institutmontserratroig\/wp-content\/uploads\/usu342\/2022\/09\/1663089295532.jpg 1024w, https:\/\/agora.xtec.cat\/institutmontserratroig\/wp-content\/uploads\/usu342\/2022\/09\/1663089295532-300x224.jpg 300w, https:\/\/agora.xtec.cat\/institutmontserratroig\/wp-content\/uploads\/usu342\/2022\/09\/1663089295532-768x575.jpg 768w, https:\/\/agora.xtec.cat\/institutmontserratroig\/wp-content\/uploads\/usu342\/2022\/09\/1663089295532-200x150.jpg 200w\" sizes=\"auto, (max-width: 1024px) 100vw, 1024px\" \/><\/a>\n\t\t\t<\/dt><\/dl><dl class='gallery-item'>\n\t\t\t<dt class='gallery-icon landscape'>\n\t\t\t\t<a href='https:\/\/agora.xtec.cat\/institutmontserratroig\/wp-content\/uploads\/usu342\/2022\/09\/1663089295541.jpg'><img loading=\"lazy\" decoding=\"async\" width=\"1024\" height=\"766\" src=\"https:\/\/agora.xtec.cat\/institutmontserratroig\/wp-content\/uploads\/usu342\/2022\/09\/1663089295541.jpg\" class=\"attachment-large size-large\" alt=\"\" srcset=\"https:\/\/agora.xtec.cat\/institutmontserratroig\/wp-content\/uploads\/usu342\/2022\/09\/1663089295541.jpg 1024w, https:\/\/agora.xtec.cat\/institutmontserratroig\/wp-content\/uploads\/usu342\/2022\/09\/1663089295541-300x224.jpg 300w, https:\/\/agora.xtec.cat\/institutmontserratroig\/wp-content\/uploads\/usu342\/2022\/09\/1663089295541-768x575.jpg 768w, https:\/\/agora.xtec.cat\/institutmontserratroig\/wp-content\/uploads\/usu342\/2022\/09\/1663089295541-200x150.jpg 200w\" sizes=\"auto, (max-width: 1024px) 100vw, 1024px\" \/><\/a>\n\t\t\t<\/dt><\/dl><br style=\"clear: both\" \/>\n\t\t<\/div>\n\n<p style=\"text-align: justify;\">Last September 13th, 1st Batxillerat students were fortunate to enjoy a very special visit.<\/p>\n<p style=\"text-align: justify;\">A few years ago, Javier Rivera Hern\u00e1ndez was a young Batxillerat student from our neighbourhood who after finishing his high school degree and driven by his enthusiasm and dedication got a university scholarship to study physics at Saint Mary\u2019s College of California, USA. Nowadays, he is still living on the West Coast and has recently found a job at a start-up.<\/p>\n<p style=\"text-align: justify;\">He has been kind enough to freely offer us some of his time and help us understand the process he went through to be able to accomplish his dream of studying abroad.<\/p>\n<p style=\"text-align: justify;\">An inspiring example of how with goodwill and determination, it is possible to make your dreams come true!!<\/p>\n<table style=\"width: 100%; border: none;\">\n<tbody>\n<tr>\n<td style=\"text-align: center; border: none;\"><iframe loading=\"lazy\" title=\"YouTube video player\" src=\"https:\/\/www.youtube.com\/embed\/LMAr7M3QgA8\" width=\"800\" height=\"450\" frameborder=\"0\" allowfullscreen=\"allowfullscreen\"><\/iframe><\/td>\n<\/tr>\n<\/tbody>\n<\/table>\n","protected":false},"excerpt":{"rendered":"<p>El passat dia 13 de setembre els alumnes de 1r de Batxillerat vam tenir la sort de rebre una visita molt especial.<br \/>\nEn Javier Rivera Hern\u00e1ndez era un jove m\u00e9s del barri que en acabar 2n BATX i gr\u00e0cies a la seva perseveran\u00e7a i dedicaci\u00f3 va&hellip;  <a href=\"https:\/\/agora.xtec.cat\/institutmontserratroig\/portada\/en-javier-rivera-un-exemple-inspirador\/\" title=\"Read En Javier Rivera, un exemple inspirador\">Llegeix m\u00e9s\u00bb<\/a><\/p>\n","protected":false},"author":1,"featured_media":24503,"comment_status":"open","ping_status":"closed","sticky":false,"template":"","format":"standard","meta":{"_bbp_topic_count":0,"_bbp_reply_count":0,"_bbp_total_topic_count":0,"_bbp_total_reply_count":0,"_bbp_voice_count":0,"_bbp_anonymous_reply_count":0,"_bbp_topic_count_hidden":0,"_bbp_reply_count_hidden":0,"_bbp_forum_subforum_count":0,"footnotes":""},"categories":[66,390,325,104,29],"tags":[201],"class_list":["post-24497","post","type-post","status-publish","format-standard","has-post-thumbnail","hentry","category-1r-de-batxillerat","category-curs-2022-23","category-ins-montserrat-roig","category-llengues-estrangeres","category-portada","tag-xerrades-i-conferencies"],"post_mailing_queue_ids":[],"_links":{"self":[{"href":"https:\/\/agora.xtec.cat\/institutmontserratroig\/wp-json\/wp\/v2\/posts\/24497","targetHints":{"allow":["GET"]}}],"collection":[{"href":"https:\/\/agora.xtec.cat\/institutmontserratroig\/wp-json\/wp\/v2\/posts"}],"about":[{"href":"https:\/\/agora.xtec.cat\/institutmontserratroig\/wp-json\/wp\/v2\/types\/post"}],"author":[{"embeddable":true,"href":"https:\/\/agora.xtec.cat\/institutmontserratroig\/wp-json\/wp\/v2\/users\/1"}],"replies":[{"embeddable":true,"href":"https:\/\/agora.xtec.cat\/institutmontserratroig\/wp-json\/wp\/v2\/comments?post=24497"}],"version-history":[{"count":3,"href":"https:\/\/agora.xtec.cat\/institutmontserratroig\/wp-json\/wp\/v2\/posts\/24497\/revisions"}],"predecessor-version":[{"id":24511,"href":"https:\/\/agora.xtec.cat\/institutmontserratroig\/wp-json\/wp\/v2\/posts\/24497\/revisions\/24511"}],"wp:featuredmedia":[{"embeddable":true,"href":"https:\/\/agora.xtec.cat\/institutmontserratroig\/wp-json\/wp\/v2\/media\/24503"}],"wp:attachment":[{"href":"https:\/\/agora.xtec.cat\/institutmontserratroig\/wp-json\/wp\/v2\/media?parent=24497"}],"wp:term":[{"taxonomy":"category","embeddable":true,"href":"https:\/\/agora.xtec.cat\/institutmontserratroig\/wp-json\/wp\/v2\/categories?post=24497"},{"taxonomy":"post_tag","embeddable":true,"href":"https:\/\/agora.xtec.cat\/institutmontserratroig\/wp-json\/wp\/v2\/tags?post=24497"}],"curies":[{"name":"wp","href":"https:\/\/api.w.org\/{rel}","templated":true}]}}