{"id":24291,"date":"2022-06-29T10:04:48","date_gmt":"2022-06-29T08:04:48","guid":{"rendered":"https:\/\/agora.xtec.cat\/institutmontserratroig\/?p=24291"},"modified":"2022-06-30T10:14:11","modified_gmt":"2022-06-30T08:14:11","slug":"excellents-resultats-en-les-pau-2022","status":"publish","type":"post","link":"https:\/\/agora.xtec.cat\/institutmontserratroig\/portada\/excellents-resultats-en-les-pau-2022\/","title":{"rendered":"Excel\u00b7lents resultats en les PAU 2022"},"content":{"rendered":"<p style=\"text-align: justify;\">Avui han sortit les notes de selectivitat i volem felicitar tots els alumnes pels bons resultats. La feina, l\u2019esfor\u00e7 i la const\u00e0ncia els ha dut a l\u2019\u00e8xit. Dues alumnes del centre, <strong>Claudia Mesquida<\/strong> i <strong>\u00c0ngela Reyes<\/strong>, han obtingut la <strong>Distinci\u00f3 PAU<\/strong>, en treure una nota global de 9,4, totes dues.<\/p>\n<p style=\"text-align: justify;\">Fem extensiva aquesta felicitaci\u00f3 a tot el professorat de l&#8217;institut i a les fam\u00edlies que han estat al costat.<\/p>\n<p><a href=\"https:\/\/agora.xtec.cat\/institutmontserratroig\/wp-content\/uploads\/usu342\/2022\/08\/Captura-de-Pantalla-2022-06-30-a-les-10.11.55.png\"><img loading=\"lazy\" decoding=\"async\" class=\"size-full wp-image-24295 aligncenter\" src=\"https:\/\/agora.xtec.cat\/institutmontserratroig\/wp-content\/uploads\/usu342\/2022\/08\/Captura-de-Pantalla-2022-06-30-a-les-10.11.55.png\" alt=\"\" width=\"476\" height=\"336\" srcset=\"https:\/\/agora.xtec.cat\/institutmontserratroig\/wp-content\/uploads\/usu342\/2022\/08\/Captura-de-Pantalla-2022-06-30-a-les-10.11.55.png 476w, https:\/\/agora.xtec.cat\/institutmontserratroig\/wp-content\/uploads\/usu342\/2022\/08\/Captura-de-Pantalla-2022-06-30-a-les-10.11.55-300x212.png 300w\" sizes=\"auto, (max-width: 476px) 100vw, 476px\" \/><\/a><\/p>\n<h3 style=\"text-align: center;\">Desitgem que tots els alumnes entrin al grau que vulguin i que tinguin molts \u00e8xits.<\/h3>\n","protected":false},"excerpt":{"rendered":"<p>Avui han sortit les notes de selectivitat i volem felicitar tots els alumnes pels bons resultats. La feina, l\u2019esfor\u00e7 i la const\u00e0ncia els ha dut a l\u2019\u00e8xit. Dues alumnes del centre, Claudia Mesquida i \u00c0ngela Reyes, han obtingut la Distinci\u00f3 PAU, en treure una nota&hellip;  <a href=\"https:\/\/agora.xtec.cat\/institutmontserratroig\/portada\/excellents-resultats-en-les-pau-2022\/\" title=\"Read Excel\u00b7lents resultats en les PAU 2022\">Llegeix m\u00e9s\u00bb<\/a><\/p>\n","protected":false},"author":1,"featured_media":24295,"comment_status":"open","ping_status":"closed","sticky":false,"template":"","format":"standard","meta":{"_bbp_topic_count":0,"_bbp_reply_count":0,"_bbp_total_topic_count":0,"_bbp_total_reply_count":0,"_bbp_voice_count":0,"_bbp_anonymous_reply_count":0,"_bbp_topic_count_hidden":0,"_bbp_reply_count_hidden":0,"_bbp_forum_subforum_count":0,"footnotes":""},"categories":[67,390,325,227,29],"tags":[133],"class_list":["post-24291","post","type-post","status-publish","format-standard","has-post-thumbnail","hentry","category-2n-de-batxillerat","category-curs-2022-23","category-ins-montserrat-roig","category-pau","category-portada","tag-alumnat"],"post_mailing_queue_ids":[],"_links":{"self":[{"href":"https:\/\/agora.xtec.cat\/institutmontserratroig\/wp-json\/wp\/v2\/posts\/24291","targetHints":{"allow":["GET"]}}],"collection":[{"href":"https:\/\/agora.xtec.cat\/institutmontserratroig\/wp-json\/wp\/v2\/posts"}],"about":[{"href":"https:\/\/agora.xtec.cat\/institutmontserratroig\/wp-json\/wp\/v2\/types\/post"}],"author":[{"embeddable":true,"href":"https:\/\/agora.xtec.cat\/institutmontserratroig\/wp-json\/wp\/v2\/users\/1"}],"replies":[{"embeddable":true,"href":"https:\/\/agora.xtec.cat\/institutmontserratroig\/wp-json\/wp\/v2\/comments?post=24291"}],"version-history":[{"count":3,"href":"https:\/\/agora.xtec.cat\/institutmontserratroig\/wp-json\/wp\/v2\/posts\/24291\/revisions"}],"predecessor-version":[{"id":24293,"href":"https:\/\/agora.xtec.cat\/institutmontserratroig\/wp-json\/wp\/v2\/posts\/24291\/revisions\/24293"}],"wp:featuredmedia":[{"embeddable":true,"href":"https:\/\/agora.xtec.cat\/institutmontserratroig\/wp-json\/wp\/v2\/media\/24295"}],"wp:attachment":[{"href":"https:\/\/agora.xtec.cat\/institutmontserratroig\/wp-json\/wp\/v2\/media?parent=24291"}],"wp:term":[{"taxonomy":"category","embeddable":true,"href":"https:\/\/agora.xtec.cat\/institutmontserratroig\/wp-json\/wp\/v2\/categories?post=24291"},{"taxonomy":"post_tag","embeddable":true,"href":"https:\/\/agora.xtec.cat\/institutmontserratroig\/wp-json\/wp\/v2\/tags?post=24291"}],"curies":[{"name":"wp","href":"https:\/\/api.w.org\/{rel}","templated":true}]}}