{"id":24126,"date":"2022-06-16T00:17:14","date_gmt":"2022-06-15T22:17:14","guid":{"rendered":"https:\/\/agora.xtec.cat\/institutmontserratroig\/?p=24126"},"modified":"2022-06-16T00:24:09","modified_gmt":"2022-06-15T22:24:09","slug":"la-festa-de-corpus","status":"publish","type":"post","link":"https:\/\/agora.xtec.cat\/institutmontserratroig\/portada\/la-festa-de-corpus\/","title":{"rendered":"La festa de Corpus"},"content":{"rendered":"<p><img loading=\"lazy\" decoding=\"async\" class=\"size-large wp-image-24127 aligncenter\" src=\"https:\/\/agora.xtec.cat\/institutmontserratroig\/wp-content\/uploads\/usu342\/2022\/06\/Captura-de-pantalla-2022-06-16-001323-1024x463.png\" alt=\"\" width=\"1024\" height=\"463\" srcset=\"https:\/\/agora.xtec.cat\/institutmontserratroig\/wp-content\/uploads\/usu342\/2022\/06\/Captura-de-pantalla-2022-06-16-001323-1024x463.png 1024w, https:\/\/agora.xtec.cat\/institutmontserratroig\/wp-content\/uploads\/usu342\/2022\/06\/Captura-de-pantalla-2022-06-16-001323-300x136.png 300w, https:\/\/agora.xtec.cat\/institutmontserratroig\/wp-content\/uploads\/usu342\/2022\/06\/Captura-de-pantalla-2022-06-16-001323-768x347.png 768w, https:\/\/agora.xtec.cat\/institutmontserratroig\/wp-content\/uploads\/usu342\/2022\/06\/Captura-de-pantalla-2022-06-16-001323.png 1045w\" sizes=\"auto, (max-width: 1024px) 100vw, 1024px\" \/><\/p>\n<p style=\"text-align: justify;\">Diuen que, durant molts anys, Corpus va ser l\u2019aut\u00e8ntica festa major de moltes ciutats. Se celebra el dijous seg\u00fcent a l\u2019octava de Pentecosta. Tot i que la tradici\u00f3 la va fer n\u00e9ixer l\u2019Esgl\u00e9sia Cat\u00f2lica al segle XVI per celebrar el cos de Crist, sempre ha tingut un rerefons molt laic. Es va expandir per tot el pa\u00eds a causa del dinamisme de les ciutats i de la societat d\u2019aquell moment. Segons que sembla, activitats originades aleshores, com ara la process\u00f3 festiva, han servit de precedent per a moltes peces d\u2019imatgeria actuals \u2013els gegants i el bestiari, per exemple\u2013 i les m\u00fasiques i els balls que encara avui perduren.<\/p>\n<p style=\"text-align: justify;\">Enguany Corpus s\u2019escau el 16 de juny i pels volts d\u2019aquella data arreu del pa\u00eds s\u2019organitzen activitats per celebrar-ho. La tradici\u00f3 pren formes molt diverses: de les catifes de flors i les processons a l\u2019Ou com Balla i la Patum.<\/p>\n<p>Llegeix la not\u00edcia sencera a Vilaweb: <a href=\"https:\/\/www.vilaweb.cat\/noticies\/corpus-2022-catifes-processons-ou-com-balla-patum\/\" target=\"_blank\" rel=\"noopener\">Corpus 2022: catifes de flors, processons, l\u2019Ou com Balla i la Patum<\/a><\/p>\n<table style=\"text-align: center; width: 100%; border: none;\">\n<tbody>\n<tr>\n<td style=\"text-align: center; border: none;\"><iframe loading=\"lazy\" title=\"YouTube video player\" src=\"https:\/\/www.youtube.com\/embed\/_7nSEp7XbFg\" width=\"800\" height=\"450\" frameborder=\"0\" allowfullscreen=\"allowfullscreen\"><\/iframe><\/td>\n<\/tr>\n<\/tbody>\n<\/table>\n","protected":false},"excerpt":{"rendered":"<p>Diuen que, durant molts anys, Corpus va ser l\u2019aut\u00e8ntica festa major de moltes ciutats. Se celebra el dijous seg\u00fcent a l\u2019octava de Pentecosta. Tot i que la tradici\u00f3 la va fer n\u00e9ixer l\u2019Esgl\u00e9sia Cat\u00f2lica al segle XVI per celebrar el cos de Crist, sempre ha&hellip;  <a href=\"https:\/\/agora.xtec.cat\/institutmontserratroig\/portada\/la-festa-de-corpus\/\" title=\"Read La festa de Corpus\">Llegeix m\u00e9s\u00bb<\/a><\/p>\n","protected":false},"author":1,"featured_media":24127,"comment_status":"open","ping_status":"closed","sticky":false,"template":"","format":"standard","meta":{"_bbp_topic_count":0,"_bbp_reply_count":0,"_bbp_total_topic_count":0,"_bbp_total_reply_count":0,"_bbp_voice_count":0,"_bbp_anonymous_reply_count":0,"_bbp_topic_count_hidden":0,"_bbp_reply_count_hidden":0,"_bbp_forum_subforum_count":0,"footnotes":""},"categories":[361,325,29],"tags":[],"class_list":["post-24126","post","type-post","status-publish","format-standard","has-post-thumbnail","hentry","category-curs-2021-22","category-ins-montserrat-roig","category-portada"],"post_mailing_queue_ids":[],"_links":{"self":[{"href":"https:\/\/agora.xtec.cat\/institutmontserratroig\/wp-json\/wp\/v2\/posts\/24126","targetHints":{"allow":["GET"]}}],"collection":[{"href":"https:\/\/agora.xtec.cat\/institutmontserratroig\/wp-json\/wp\/v2\/posts"}],"about":[{"href":"https:\/\/agora.xtec.cat\/institutmontserratroig\/wp-json\/wp\/v2\/types\/post"}],"author":[{"embeddable":true,"href":"https:\/\/agora.xtec.cat\/institutmontserratroig\/wp-json\/wp\/v2\/users\/1"}],"replies":[{"embeddable":true,"href":"https:\/\/agora.xtec.cat\/institutmontserratroig\/wp-json\/wp\/v2\/comments?post=24126"}],"version-history":[{"count":4,"href":"https:\/\/agora.xtec.cat\/institutmontserratroig\/wp-json\/wp\/v2\/posts\/24126\/revisions"}],"predecessor-version":[{"id":24132,"href":"https:\/\/agora.xtec.cat\/institutmontserratroig\/wp-json\/wp\/v2\/posts\/24126\/revisions\/24132"}],"wp:featuredmedia":[{"embeddable":true,"href":"https:\/\/agora.xtec.cat\/institutmontserratroig\/wp-json\/wp\/v2\/media\/24127"}],"wp:attachment":[{"href":"https:\/\/agora.xtec.cat\/institutmontserratroig\/wp-json\/wp\/v2\/media?parent=24126"}],"wp:term":[{"taxonomy":"category","embeddable":true,"href":"https:\/\/agora.xtec.cat\/institutmontserratroig\/wp-json\/wp\/v2\/categories?post=24126"},{"taxonomy":"post_tag","embeddable":true,"href":"https:\/\/agora.xtec.cat\/institutmontserratroig\/wp-json\/wp\/v2\/tags?post=24126"}],"curies":[{"name":"wp","href":"https:\/\/api.w.org\/{rel}","templated":true}]}}