{"id":24022,"date":"2022-06-11T19:36:47","date_gmt":"2022-06-11T17:36:47","guid":{"rendered":"https:\/\/agora.xtec.cat\/institutmontserratroig\/?p=24022"},"modified":"2022-06-11T20:45:50","modified_gmt":"2022-06-11T18:45:50","slug":"un-viatge-sota-laigua","status":"publish","type":"post","link":"https:\/\/agora.xtec.cat\/institutmontserratroig\/portada\/un-viatge-sota-laigua\/","title":{"rendered":"Un viatge sota l&#8217;aigua!"},"content":{"rendered":"<p style=\"text-align: justify;\">El 8 de juny se celebra el <a href=\"https:\/\/www.un.org\/es\/events\/oceansday\/message.shtml\" target=\"_blank\" rel=\"noopener\">Dia Mundial dels Oceans<\/a>, una data establerta per l&#8217;ONU amb l&#8217;objectiu de recon\u00e8ixer la import\u00e0ncia que tenen els oceans al planeta. Els oceans s\u00f3n el principal pulm\u00f3 del planeta, ja que s\u00f3n responsables de generar gran part de l&#8217;oxigen. A m\u00e9s, l&#8217;oce\u00e0 acull la major part de la biodiversitat de la Terra.<\/p>\n<p style=\"text-align: justify;\">\u00c9s per tot aix\u00f2 que el departament d\u2019experimentals van voler fer aquesta activitat: <strong>Un viatge sota l&#8217;aigua!<\/strong>, amb els alumnes de 4t d&#8217;ESO de la mat\u00e8ria de biologia en el Centre d&#8217;Estudis del Mar (CEM) qu\u00e8 \u00e9s un equipament d&#8217;educaci\u00f3 ambiental de la Diputaci\u00f3 de Barcelona enfocat en la difusi\u00f3, sensibilitzaci\u00f3 i participaci\u00f3 ambiental.<\/p>\n\n\t\t<style type=\"text\/css\">\n\t\t\t#gallery-1 {\n\t\t\t\tmargin: auto;\n\t\t\t}\n\t\t\t#gallery-1 .gallery-item {\n\t\t\t\tfloat: left;\n\t\t\t\tmargin-top: 10px;\n\t\t\t\ttext-align: center;\n\t\t\t\twidth: 16%;\n\t\t\t}\n\t\t\t#gallery-1 img {\n\t\t\t\tborder: 2px solid #cfcfcf;\n\t\t\t}\n\t\t\t#gallery-1 .gallery-caption {\n\t\t\t\tmargin-left: 0;\n\t\t\t}\n\t\t\t\/* see gallery_shortcode() in wp-includes\/media.php *\/\n\t\t<\/style>\n\t\t<div id='gallery-1' class='gallery galleryid-24022 gallery-columns-6 gallery-size-thumbnail'><dl class='gallery-item'>\n\t\t\t<dt class='gallery-icon landscape'>\n\t\t\t\t<a href='https:\/\/agora.xtec.cat\/institutmontserratroig\/wp-content\/uploads\/usu342\/2022\/06\/IMG-20220609-WA0004.jpg'><img loading=\"lazy\" decoding=\"async\" width=\"150\" height=\"150\" src=\"https:\/\/agora.xtec.cat\/institutmontserratroig\/wp-content\/uploads\/usu342\/2022\/06\/IMG-20220609-WA0004-150x150.jpg\" class=\"attachment-thumbnail size-thumbnail\" alt=\"\" \/><\/a>\n\t\t\t<\/dt><\/dl><dl class='gallery-item'>\n\t\t\t<dt class='gallery-icon landscape'>\n\t\t\t\t<a href='https:\/\/agora.xtec.cat\/institutmontserratroig\/wp-content\/uploads\/usu342\/2022\/06\/IMG-20220609-WA0007.jpg'><img loading=\"lazy\" decoding=\"async\" width=\"150\" height=\"150\" src=\"https:\/\/agora.xtec.cat\/institutmontserratroig\/wp-content\/uploads\/usu342\/2022\/06\/IMG-20220609-WA0007-150x150.jpg\" class=\"attachment-thumbnail size-thumbnail\" alt=\"\" \/><\/a>\n\t\t\t<\/dt><\/dl><dl class='gallery-item'>\n\t\t\t<dt class='gallery-icon landscape'>\n\t\t\t\t<a href='https:\/\/agora.xtec.cat\/institutmontserratroig\/wp-content\/uploads\/usu342\/2022\/06\/IMG-20220609-WA0008.jpg'><img loading=\"lazy\" decoding=\"async\" width=\"150\" height=\"150\" src=\"https:\/\/agora.xtec.cat\/institutmontserratroig\/wp-content\/uploads\/usu342\/2022\/06\/IMG-20220609-WA0008-150x150.jpg\" class=\"attachment-thumbnail size-thumbnail\" alt=\"\" \/><\/a>\n\t\t\t<\/dt><\/dl><dl class='gallery-item'>\n\t\t\t<dt class='gallery-icon landscape'>\n\t\t\t\t<a href='https:\/\/agora.xtec.cat\/institutmontserratroig\/wp-content\/uploads\/usu342\/2022\/06\/IMG-20220609-WA0009.jpg'><img loading=\"lazy\" decoding=\"async\" width=\"150\" height=\"150\" src=\"https:\/\/agora.xtec.cat\/institutmontserratroig\/wp-content\/uploads\/usu342\/2022\/06\/IMG-20220609-WA0009-150x150.jpg\" class=\"attachment-thumbnail size-thumbnail\" alt=\"\" \/><\/a>\n\t\t\t<\/dt><\/dl><dl class='gallery-item'>\n\t\t\t<dt class='gallery-icon landscape'>\n\t\t\t\t<a href='https:\/\/agora.xtec.cat\/institutmontserratroig\/wp-content\/uploads\/usu342\/2022\/06\/IMG-20220609-WA0010.jpg'><img loading=\"lazy\" decoding=\"async\" width=\"150\" height=\"150\" src=\"https:\/\/agora.xtec.cat\/institutmontserratroig\/wp-content\/uploads\/usu342\/2022\/06\/IMG-20220609-WA0010-150x150.jpg\" class=\"attachment-thumbnail size-thumbnail\" alt=\"\" \/><\/a>\n\t\t\t<\/dt><\/dl><dl class='gallery-item'>\n\t\t\t<dt class='gallery-icon landscape'>\n\t\t\t\t<a href='https:\/\/agora.xtec.cat\/institutmontserratroig\/wp-content\/uploads\/usu342\/2022\/06\/IMG-20220609-WA0012.jpg'><img loading=\"lazy\" decoding=\"async\" width=\"150\" height=\"150\" src=\"https:\/\/agora.xtec.cat\/institutmontserratroig\/wp-content\/uploads\/usu342\/2022\/06\/IMG-20220609-WA0012-150x150.jpg\" class=\"attachment-thumbnail size-thumbnail\" alt=\"\" \/><\/a>\n\t\t\t<\/dt><\/dl><br style=\"clear: both\" \/>\n\t\t<\/div>\n\n<p style=\"text-align: justify;\">Els alumnes han pogut descobrir l&#8217;ecosistema submar\u00ed a trav\u00e9s d&#8217;una pr\u00e0ctica real amb ulleres, snorkel i vestit de neopr\u00e8 i observar la biodiversitat del medi mar\u00ed de Sitges. Els alumnes han gaudit molt d&#8217;aquesta activitat!<\/p>\n<p style=\"text-align: justify;\">Repetirem!<\/p>\n<p style=\"text-align: justify;\">Activitat vinculada amb l&#8217;<a href=\"https:\/\/www.un.org\/sustainabledevelopment\/es\/oceans\/\" target=\"_blank\" rel=\"noopener\">Objectiu de Desenvolupament Sostenible 14<\/a><\/p>\n<h5 style=\"text-align: center;\"><a href=\"https:\/\/photos.app.goo.gl\/ew1AXwy8ZN6Vd76J6\" target=\"_blank\" rel=\"noopener\">Fotos de l&#8217;activitat<\/a><\/h5>\n","protected":false},"excerpt":{"rendered":"<p>El 8 de juny se celebra el <a href=\"https:\/\/www.un.org\/es\/events\/oceansday\/message.shtml\" target=\"_blank\" rel=\"noopener\">Dia Mundial dels Oceans<\/a>, una data establerta per l&#8217;ONU amb l&#8217;objectiu de recon\u00e8ixer la import\u00e0ncia que tenen els oceans al planeta. Els oceans s\u00f3n el principal pulm\u00f3 del planeta, ja que s\u00f3n responsables de generar&hellip;  <a href=\"https:\/\/agora.xtec.cat\/institutmontserratroig\/portada\/un-viatge-sota-laigua\/\" title=\"Read Un viatge sota l&#8217;aigua!\">Llegeix m\u00e9s\u00bb<\/a><\/p>\n","protected":false},"author":1,"featured_media":24026,"comment_status":"open","ping_status":"closed","sticky":false,"template":"","format":"standard","meta":{"_bbp_topic_count":0,"_bbp_reply_count":0,"_bbp_total_topic_count":0,"_bbp_total_reply_count":0,"_bbp_voice_count":0,"_bbp_anonymous_reply_count":0,"_bbp_topic_count_hidden":0,"_bbp_reply_count_hidden":0,"_bbp_forum_subforum_count":0,"footnotes":""},"categories":[92,361,86,325,29],"tags":[132,179],"class_list":["post-24022","post","type-post","status-publish","format-standard","has-post-thumbnail","hentry","category-ciencies-naturals","category-curs-2021-22","category-eso-4","category-ins-montserrat-roig","category-portada","tag-dies-de","tag-sortides"],"post_mailing_queue_ids":[],"_links":{"self":[{"href":"https:\/\/agora.xtec.cat\/institutmontserratroig\/wp-json\/wp\/v2\/posts\/24022","targetHints":{"allow":["GET"]}}],"collection":[{"href":"https:\/\/agora.xtec.cat\/institutmontserratroig\/wp-json\/wp\/v2\/posts"}],"about":[{"href":"https:\/\/agora.xtec.cat\/institutmontserratroig\/wp-json\/wp\/v2\/types\/post"}],"author":[{"embeddable":true,"href":"https:\/\/agora.xtec.cat\/institutmontserratroig\/wp-json\/wp\/v2\/users\/1"}],"replies":[{"embeddable":true,"href":"https:\/\/agora.xtec.cat\/institutmontserratroig\/wp-json\/wp\/v2\/comments?post=24022"}],"version-history":[{"count":4,"href":"https:\/\/agora.xtec.cat\/institutmontserratroig\/wp-json\/wp\/v2\/posts\/24022\/revisions"}],"predecessor-version":[{"id":24037,"href":"https:\/\/agora.xtec.cat\/institutmontserratroig\/wp-json\/wp\/v2\/posts\/24022\/revisions\/24037"}],"wp:featuredmedia":[{"embeddable":true,"href":"https:\/\/agora.xtec.cat\/institutmontserratroig\/wp-json\/wp\/v2\/media\/24026"}],"wp:attachment":[{"href":"https:\/\/agora.xtec.cat\/institutmontserratroig\/wp-json\/wp\/v2\/media?parent=24022"}],"wp:term":[{"taxonomy":"category","embeddable":true,"href":"https:\/\/agora.xtec.cat\/institutmontserratroig\/wp-json\/wp\/v2\/categories?post=24022"},{"taxonomy":"post_tag","embeddable":true,"href":"https:\/\/agora.xtec.cat\/institutmontserratroig\/wp-json\/wp\/v2\/tags?post=24022"}],"curies":[{"name":"wp","href":"https:\/\/api.w.org\/{rel}","templated":true}]}}