{"id":23775,"date":"2022-05-20T18:27:31","date_gmt":"2022-05-20T16:27:31","guid":{"rendered":"https:\/\/agora.xtec.cat\/institutmontserratroig\/?p=23775"},"modified":"2022-05-20T19:32:30","modified_gmt":"2022-05-20T17:32:30","slug":"textos-premiats-en-llengua-catalana-2","status":"publish","type":"post","link":"https:\/\/agora.xtec.cat\/institutmontserratroig\/eso\/textos-premiats-en-llengua-catalana-2\/","title":{"rendered":"Textos premiats en llengua catalana"},"content":{"rendered":"<p><img loading=\"lazy\" decoding=\"async\" class=\"aligncenter wp-image-6720 size-full\" src=\"https:\/\/agora.xtec.cat\/institutmontserratroig\/wp-content\/uploads\/usu342\/2017\/04\/imatge-rosa-i-llibre-sj16-transparent.png\" alt=\"\" width=\"178\" height=\"134\" \/><\/p>\n<h1 style=\"text-align: center;\">Sant Jordi &#8217;22<\/h1>\n<p><!--more--><\/p>\n<table style=\"border-collapse: collapse; width: 100%; background-color: #dbfeff;\" border=\"1\">\n<tbody>\n<tr>\n<td style=\"width: 14%; text-align: center; background-color: #dbfeff;\"><strong>PRIMER CICLE<\/strong><\/td>\n<td style=\"width: 43%; text-align: center; background-color: #dbfeff;\"><strong>POESIA<\/strong><\/td>\n<td style=\"width: 43%; text-align: center; background-color: #dbfeff;\"><strong>NARRACI\u00d3<\/strong><\/td>\n<\/tr>\n<tr>\n<td style=\"text-align: center; background-color: #dbfeff;\">1r premi<\/td>\n<td style=\"text-align: center; background-color: #dbfeff;\">Bernat Civit i Rebagliato (1r C) <a href=\"https:\/\/drive.google.com\/file\/d\/1rL7CV6DqvO4Dn_Z8WJgJlcre9ofgW0xf\/view?usp=sharing\" target=\"_blank\" rel=\"noopener\"><strong><em>Ll\u00e0grimes<\/em><\/strong><\/a> &#8211; BICI<\/td>\n<td style=\"text-align: center; background-color: #dbfeff;\">Helena Sol\u00e0 i Trasobares (2n A) <a href=\"https:\/\/drive.google.com\/file\/d\/1qgIOZ7Gceek2Ec1aAyacMhnI98KRpKyO\/view?usp=sharing\" target=\"_blank\" rel=\"noopener\"><strong><em>Una mala decisi\u00f3<\/em><\/strong><\/a> &#8211; NALA<\/td>\n<\/tr>\n<tr>\n<td style=\"text-align: center; background-color: #dbfeff;\">2n premi<\/td>\n<td style=\"text-align: center; background-color: #dbfeff;\">Joana Holmqvisti Escudero (1rB) <a href=\"https:\/\/drive.google.com\/file\/d\/1Q0Y6nhZwoGzr64fqWQLhnBank1UYl8Zy\/view?usp=sharing\" target=\"_blank\" rel=\"noopener\"><strong><em>Cridaria<\/em><\/strong><\/a><\/td>\n<td style=\"text-align: center; background-color: #dbfeff;\">Arnau Mesquida i Peris (2n A) <a href=\"https:\/\/drive.google.com\/file\/d\/12HSbC9G1iAukpvFy2bt1JicVc0N0GbsC\/view?usp=sharing\" target=\"_blank\" rel=\"noopener\"><strong><em>La joieria<\/em><\/strong><\/a><\/td>\n<\/tr>\n<tr>\n<td style=\"text-align: center; background-color: #dbfeff;\"><\/td>\n<td style=\"text-align: center; background-color: #dbfeff;\">Aula d&#8217;acollida: Flavia Matamoros (1r B) <a href=\"https:\/\/drive.google.com\/file\/d\/1C1IkI6MI_I4AOVKJYaGkwg1y0u7SdCaP\/view?usp=sharing\" target=\"_blank\" rel=\"noopener\"><strong><em>Sentiments<\/em><\/strong><\/a><\/td>\n<td style=\"text-align: center; background-color: #dbfeff;\">Acc\u00e8ssit: V\u00edctor Porres i Rigaud (1r C) <a href=\"https:\/\/drive.google.com\/file\/d\/1zqo-tZWzBmM5VAw5ifxWKHYwsVftnLFt\/view?usp=sharing\" target=\"_blank\" rel=\"noopener\"><strong><em>L\u2019illa<\/em><\/strong><\/a><\/td>\n<\/tr>\n<\/tbody>\n<\/table>\n<table style=\"border-collapse: collapse; width: 100%;\" border=\"1\">\n<tbody>\n<tr>\n<td style=\"width: 14%; text-align: center; background-color: #dafdd2;\"><strong>SEGON CICLE<\/strong><\/td>\n<td style=\"width: 43%; text-align: center; background-color: #dafdd2;\"><strong>POESIA<\/strong><\/td>\n<td style=\"width: 43%; text-align: center; background-color: #dafdd2;\"><strong>NARRACI\u00d3<\/strong><\/td>\n<\/tr>\n<tr>\n<td style=\"text-align: center; background-color: #dafdd2;\">1r premi<\/td>\n<td style=\"text-align: center; background-color: #dafdd2;\">Anton Pelegr\u00ed i Garcia (3r D) <a href=\"https:\/\/drive.google.com\/file\/d\/1xCNKIaW8gYheqP6HIOI-WlwnTkZ-2To8\/view?usp=sharing\" target=\"_blank\" rel=\"noopener\"><strong><em>Calma<\/em><\/strong><\/a> &#8211; NAVEGANT<\/td>\n<td style=\"text-align: center; background-color: #dafdd2;\">Maria Tresens i Arroyo (4t B) <a href=\"https:\/\/drive.google.com\/file\/d\/1otD_LzQ21Ob6ilZyumeMHB_pcIlQt237\/view?usp=sharing\" target=\"_blank\" rel=\"noopener\"><strong><em>Gris cendra<\/em><\/strong><\/a> &#8211; LLAR DE FOC<\/td>\n<\/tr>\n<tr>\n<td style=\"text-align: center; background-color: #dafdd2;\">2n premi<\/td>\n<td style=\"text-align: center; background-color: #dafdd2;\">Ash Ord\u00f3\u00f1ez i Peracaula ( 4t B) <a href=\"https:\/\/drive.google.com\/file\/d\/1GdtH1zq_KwMMEb-VZPjC_Zwxn84RmSyZ\/view?usp=sharing\" target=\"_blank\" rel=\"noopener\"><strong><em>Gotes d\u2019aigua<\/em><\/strong><\/a><\/td>\n<td style=\"text-align: center; background-color: #dafdd2;\">Irene Aub\u00e0 i Mart\u00ed (3r C) <a href=\"https:\/\/drive.google.com\/file\/d\/1N2IKlFcnPzNPW4kxwFa1vyi-SSP-EDLw\/view?usp=sharing\" target=\"_blank\" rel=\"noopener\"><strong><em>Tristesa<\/em><\/strong><\/a><\/td>\n<\/tr>\n<tr>\n<td style=\"text-align: center; background-color: #dafdd2;\"><\/td>\n<td style=\"text-align: center; background-color: #dafdd2;\">Aula d&#8217;acollida: Ayustha Adhikari (3rB) <a href=\"https:\/\/drive.google.com\/file\/d\/19sDrBDnwxiHq1BcUpr11phbh46Yy6BKg\/view?usp=sharing\" target=\"_blank\" rel=\"noopener\"><strong><em>Mirada<\/em><\/strong><\/a><\/td>\n<td style=\"text-align: center; background-color: #dafdd2;\">Acc\u00e8ssit: Jana Planas i Torramilans (4t C) <a href=\"https:\/\/drive.google.com\/file\/d\/1SjEBonoGONP1JVINqaVy8rks0Geb9apX\/view?usp=sharing\" target=\"_blank\" rel=\"noopener\"><strong><em>En un altre m\u00f3n<\/em><\/strong><\/a><\/td>\n<\/tr>\n<\/tbody>\n<\/table>\n<table style=\"border-collapse: collapse; width: 100%;\" border=\"1\">\n<tbody>\n<tr>\n<td style=\"width: 7%; text-align: center; background-color: #fefed2;\"><strong style=\"background-color: #fefed2;\">BATXILLERAT<\/strong><\/td>\n<td style=\"width: 31%; text-align: center; background-color: #fefed2;\"><strong style=\"background-color: #fefed2;\">POESIA<\/strong><\/td>\n<td style=\"width: 31%; text-align: center; background-color: #fefed2;\"><strong style=\"background-color: #fefed2;\">NARRACI\u00d3<\/strong><\/td>\n<td style=\"width: 31%; text-align: center; background-color: #fefed2;\"><strong style=\"background-color: #fefed2;\">ASSAIG<\/strong><\/td>\n<\/tr>\n<tr>\n<td style=\"text-align: center; background-color: #fefed2;\">1r premi<\/td>\n<td style=\"text-align: center; background-color: #fefed2;\"><span style=\"background-color: #fefed2;\">Yi Ting Jin (1r A) <a href=\"https:\/\/drive.google.com\/file\/d\/1_kjZznXmqbDMRuij2qK5DE2W5Raq5bzm\/view?usp=sharing\" target=\"_blank\" rel=\"noopener\"><strong><em>Estic perdut<\/em><\/strong><\/a><\/span><\/td>\n<td style=\"text-align: center; background-color: #fefed2;\"><span style=\"background-color: #fefed2;\">Mart\u00ed Galofr\u00e9 i Canela (1r A) <a href=\"https:\/\/drive.google.com\/file\/d\/1cwt1ZAxTpnS-W5scbNeiJjrv7_QM2S93\/view?usp=sharing\" target=\"_blank\" rel=\"noopener\"><strong><em>Trencar el silenci<\/em><\/strong><\/a><\/span><\/td>\n<td style=\"text-align: center; background-color: #fefed2;\">Mart\u00ed Alsina i Perpi\u00f1\u00e1n (1r A) <a href=\"https:\/\/drive.google.com\/file\/d\/1iXqKEt-OB3Xv3GFr2i2JVu6ETwIfP1zE\/view?usp=sharing\" target=\"_blank\" rel=\"noopener\"><strong><em>Aurea mediocritas<\/em><\/strong><\/a><\/td>\n<\/tr>\n<tr>\n<td style=\"text-align: center; background-color: #fefed2;\">2n premi<\/td>\n<td style=\"text-align: center; background-color: #fefed2;\"><span style=\"background-color: #fefed2;\">J\u00falia Casals i Mart\u00ednez (2n A) <a href=\"https:\/\/drive.google.com\/file\/d\/1N4Izx5Ho55z1MleeROo5-X9X1kfeshy1\/view?usp=sharing\" target=\"_blank\" rel=\"noopener\"><strong><em>La nit culminant<\/em><\/strong><\/a><\/span><\/td>\n<td style=\"text-align: center; background-color: #fefed2;\"><span style=\"background-color: #fefed2;\">Pablo Montepaone i Guti\u00e9rrez (2n A) <a href=\"https:\/\/drive.google.com\/file\/d\/1Qn8HSjhH65BXGC00Ht1aMnC5YchEkXDO\/view?usp=sharing\" target=\"_blank\" rel=\"noopener\"><strong><em>Un amor que no reconec<\/em><\/strong><\/a><\/span><\/td>\n<td style=\"text-align: center; background-color: #fefed2;\">J\u00falia Soler i Rius (1r B) <a href=\"https:\/\/drive.google.com\/file\/d\/1OWMBUx4Orr4Lfc_CBVKs8CsaLigDKsVK\/view?usp=sharing\" target=\"_blank\" rel=\"noopener\"><strong><em>Les paraules, la nostra empremta<\/em><\/strong><\/a><\/td>\n<\/tr>\n<\/tbody>\n<\/table>\n","protected":false},"excerpt":{"rendered":"<p>Sant Jordi &#8217;22<\/p>\n","protected":false},"author":1,"featured_media":6720,"comment_status":"open","ping_status":"closed","sticky":false,"template":"","format":"standard","meta":{"_bbp_topic_count":0,"_bbp_reply_count":0,"_bbp_total_topic_count":0,"_bbp_total_reply_count":0,"_bbp_voice_count":0,"_bbp_anonymous_reply_count":0,"_bbp_topic_count_hidden":0,"_bbp_reply_count_hidden":0,"_bbp_forum_subforum_count":0,"footnotes":""},"categories":[65,8,361,3,325,103,29,386],"tags":[133],"class_list":["post-23775","post","type-post","status-publish","format-standard","has-post-thumbnail","hentry","category-aula-dacollida","category-batxillerat","category-curs-2021-22","category-eso","category-ins-montserrat-roig","category-llengua-catalana","category-portada","category-sant-jordi-2022","tag-alumnat"],"post_mailing_queue_ids":[],"_links":{"self":[{"href":"https:\/\/agora.xtec.cat\/institutmontserratroig\/wp-json\/wp\/v2\/posts\/23775","targetHints":{"allow":["GET"]}}],"collection":[{"href":"https:\/\/agora.xtec.cat\/institutmontserratroig\/wp-json\/wp\/v2\/posts"}],"about":[{"href":"https:\/\/agora.xtec.cat\/institutmontserratroig\/wp-json\/wp\/v2\/types\/post"}],"author":[{"embeddable":true,"href":"https:\/\/agora.xtec.cat\/institutmontserratroig\/wp-json\/wp\/v2\/users\/1"}],"replies":[{"embeddable":true,"href":"https:\/\/agora.xtec.cat\/institutmontserratroig\/wp-json\/wp\/v2\/comments?post=23775"}],"version-history":[{"count":3,"href":"https:\/\/agora.xtec.cat\/institutmontserratroig\/wp-json\/wp\/v2\/posts\/23775\/revisions"}],"predecessor-version":[{"id":23787,"href":"https:\/\/agora.xtec.cat\/institutmontserratroig\/wp-json\/wp\/v2\/posts\/23775\/revisions\/23787"}],"wp:featuredmedia":[{"embeddable":true,"href":"https:\/\/agora.xtec.cat\/institutmontserratroig\/wp-json\/wp\/v2\/media\/6720"}],"wp:attachment":[{"href":"https:\/\/agora.xtec.cat\/institutmontserratroig\/wp-json\/wp\/v2\/media?parent=23775"}],"wp:term":[{"taxonomy":"category","embeddable":true,"href":"https:\/\/agora.xtec.cat\/institutmontserratroig\/wp-json\/wp\/v2\/categories?post=23775"},{"taxonomy":"post_tag","embeddable":true,"href":"https:\/\/agora.xtec.cat\/institutmontserratroig\/wp-json\/wp\/v2\/tags?post=23775"}],"curies":[{"name":"wp","href":"https:\/\/api.w.org\/{rel}","templated":true}]}}