{"id":23751,"date":"2022-05-17T00:15:39","date_gmt":"2022-05-16T22:15:39","guid":{"rendered":"https:\/\/agora.xtec.cat\/institutmontserratroig\/?p=23751"},"modified":"2023-06-28T14:02:25","modified_gmt":"2023-06-28T12:02:25","slug":"dia-internacional-contra-llgbti-fobia","status":"publish","type":"post","link":"https:\/\/agora.xtec.cat\/institutmontserratroig\/portada\/dia-internacional-contra-llgbti-fobia\/","title":{"rendered":"Dia Internacional contra l\u2019LGBTI-f\u00f2bia"},"content":{"rendered":"<p style=\"text-align: justify;\">El Dia Internacional contra l&#8217;LGBTI-f\u00f2bia \u00e9s el <a href=\"https:\/\/igualtat.gencat.cat\/ca\/ambits-dactuacio\/lgbti\/dies-internacionals-lgbti\/\" target=\"_blank\" rel=\"noopener\">17 de maig<\/a>. El seu objectiu \u00e9s conscienciar sobre les viol\u00e8ncies i discriminacions que pateixen les persones del col\u00b7lectiu LGBTI+.<\/p>\n<p style=\"text-align: justify;\">\u00c9s una de les diades de commemoraci\u00f3 del col\u00b7lectiu LGTBI+ m\u00e9s conegudes i amb m\u00e9s ress\u00f2 en l\u2019\u00e0mbit internacional, amb accions en m\u00e9s de 130 pa\u00efsos, reconeguda per diversos estats i institucions internacionals, com el Parlament Europeu o l\u2019Organitzaci\u00f3 de les Nacions Unides.<\/p>\n<table style=\"width: 100%; border: none;\">\n<tbody>\n<tr>\n<td style=\"text-align: center; border: none;\"><iframe loading=\"lazy\" title=\"YouTube video player\" src=\"https:\/\/www.youtube.com\/embed\/Ofmthtxe_9U\" width=\"800\" height=\"450\" frameborder=\"0\" allowfullscreen=\"allowfullscreen\"><span data-mce-type=\"bookmark\" style=\"display: inline-block; width: 0px; overflow: hidden; line-height: 0;\" class=\"mce_SELRES_start\">\ufeff<\/span><\/iframe><\/td>\n<\/tr>\n<\/tbody>\n<\/table>\n<p style=\"text-align: justify;\">T\u00e9 els seus or\u00edgens en una campanya internacional de 2005 que va rebre el suport de m\u00e9s de 24.000 persones i de les principals associacions internacionals LGBTI+, durant la qual es va escollir el 17 de maig per commemorar que el mateix dia de 1990 l\u2019Organitzaci\u00f3 Mundial de la Salut va decidir eliminar l\u2019homosexualitat de la seva classificaci\u00f3 internacional de malalties.<\/p>\n<h5 style=\"text-align: center;\"><a href=\"http:\/\/xtec.gencat.cat\/ca\/centres\/celebracions\/2022\/dia-internacional-contra-lhomofobia-la-lesbofobia-la-transfobia-la-bifobia-i-la-interfobia\/\" target=\"_blank\" rel=\"noopener\">Propostes i recursos<\/a><\/h5>\n","protected":false},"excerpt":{"rendered":"<p>El Dia Internacional contra l&#8217;LGBTI-f\u00f2bia \u00e9s el <a href=\"https:\/\/igualtat.gencat.cat\/ca\/ambits-dactuacio\/lgbti\/dies-internacionals-lgbti\/\" target=\"_blank\" rel=\"noopener\">17 de maig<\/a>. El seu objectiu \u00e9s conscienciar sobre les viol\u00e8ncies i discriminacions que pateixen les persones del col\u00b7lectiu LGBTI+.<br \/>\n\u00c9s una de les diades de commemoraci\u00f3 del col\u00b7lectiu LGTBI+ m\u00e9s conegudes i amb m\u00e9s ress\u00f2&hellip;  <a href=\"https:\/\/agora.xtec.cat\/institutmontserratroig\/portada\/dia-internacional-contra-llgbti-fobia\/\" title=\"Read Dia Internacional contra l\u2019LGBTI-f\u00f2bia\">Llegeix m\u00e9s\u00bb<\/a><\/p>\n","protected":false},"author":1,"featured_media":23752,"comment_status":"open","ping_status":"closed","sticky":false,"template":"","format":"standard","meta":{"_bbp_topic_count":0,"_bbp_reply_count":0,"_bbp_total_topic_count":0,"_bbp_total_reply_count":0,"_bbp_voice_count":0,"_bbp_anonymous_reply_count":0,"_bbp_topic_count_hidden":0,"_bbp_reply_count_hidden":0,"_bbp_forum_subforum_count":0,"footnotes":""},"categories":[361,325,29],"tags":[132,453],"class_list":["post-23751","post","type-post","status-publish","format-standard","has-post-thumbnail","hentry","category-curs-2021-22","category-ins-montserrat-roig","category-portada","tag-dies-de","tag-lgbti"],"post_mailing_queue_ids":[],"_links":{"self":[{"href":"https:\/\/agora.xtec.cat\/institutmontserratroig\/wp-json\/wp\/v2\/posts\/23751","targetHints":{"allow":["GET"]}}],"collection":[{"href":"https:\/\/agora.xtec.cat\/institutmontserratroig\/wp-json\/wp\/v2\/posts"}],"about":[{"href":"https:\/\/agora.xtec.cat\/institutmontserratroig\/wp-json\/wp\/v2\/types\/post"}],"author":[{"embeddable":true,"href":"https:\/\/agora.xtec.cat\/institutmontserratroig\/wp-json\/wp\/v2\/users\/1"}],"replies":[{"embeddable":true,"href":"https:\/\/agora.xtec.cat\/institutmontserratroig\/wp-json\/wp\/v2\/comments?post=23751"}],"version-history":[{"count":2,"href":"https:\/\/agora.xtec.cat\/institutmontserratroig\/wp-json\/wp\/v2\/posts\/23751\/revisions"}],"predecessor-version":[{"id":23758,"href":"https:\/\/agora.xtec.cat\/institutmontserratroig\/wp-json\/wp\/v2\/posts\/23751\/revisions\/23758"}],"wp:featuredmedia":[{"embeddable":true,"href":"https:\/\/agora.xtec.cat\/institutmontserratroig\/wp-json\/wp\/v2\/media\/23752"}],"wp:attachment":[{"href":"https:\/\/agora.xtec.cat\/institutmontserratroig\/wp-json\/wp\/v2\/media?parent=23751"}],"wp:term":[{"taxonomy":"category","embeddable":true,"href":"https:\/\/agora.xtec.cat\/institutmontserratroig\/wp-json\/wp\/v2\/categories?post=23751"},{"taxonomy":"post_tag","embeddable":true,"href":"https:\/\/agora.xtec.cat\/institutmontserratroig\/wp-json\/wp\/v2\/tags?post=23751"}],"curies":[{"name":"wp","href":"https:\/\/api.w.org\/{rel}","templated":true}]}}