{"id":23538,"date":"2022-04-19T20:53:48","date_gmt":"2022-04-19T18:53:48","guid":{"rendered":"https:\/\/agora.xtec.cat\/institutmontserratroig\/?p=23538"},"modified":"2022-04-19T21:21:56","modified_gmt":"2022-04-19T19:21:56","slug":"dia-mundial-de-la-poesia","status":"publish","type":"post","link":"https:\/\/agora.xtec.cat\/institutmontserratroig\/portada\/dia-mundial-de-la-poesia\/","title":{"rendered":"Dia Mundial de la poesia"},"content":{"rendered":"<p style=\"text-align: justify;\">El passat 21 de mar\u00e7, l&#8217;alumnat de 3r i 4t d&#8217;ESO va celebrar el Dia Mundial de la Poesia amb la lectura de poemes, la recerca d&#8217;informaci\u00f3 i d&#8217;imatges evocadores i la creaci\u00f3 de postals liter\u00e0ries. Enguany, hem incidit especialment en la figura de Gabriel Ferrater amb motiu de la celebraci\u00f3 del centenari del seu naixement. Aprofitant que s&#8217;acosta la Diada de Sant Jordi, volem compartir amb vosaltres aquests treballs.<\/p>\n<p style=\"text-align: justify;\">Per escoltar els poemes, cliqueu el nom de l&#8217;alumne.<\/p>\n<table style=\"width: 100%; border: none;\">\n<tbody>\n<tr>\n<td style=\"text-align: center; border: none;\"><a href=\"https:\/\/docs.google.com\/presentation\/d\/1a01PVHU15ZgcdWPfMv6vOx-WAHRFYjVk\/edit?usp=sharing&amp;amp;ouid=114641614245788462580&amp;amp;rtpof=true&amp;amp;sd=true\" target=\"_blank\" rel=\"noopener\"><img loading=\"lazy\" decoding=\"async\" class=\"aligncenter wp-image-23542\" title=\"Clica per veure i escoltar la presentaci\u00f3\" src=\"https:\/\/agora.xtec.cat\/institutmontserratroig\/wp-content\/uploads\/usu342\/2022\/04\/Captura-de-Pantalla-2022-04-19-a-les-21.00.16.png\" alt=\"\" width=\"775\" height=\"350\" srcset=\"https:\/\/agora.xtec.cat\/institutmontserratroig\/wp-content\/uploads\/usu342\/2022\/04\/Captura-de-Pantalla-2022-04-19-a-les-21.00.16.png 952w, https:\/\/agora.xtec.cat\/institutmontserratroig\/wp-content\/uploads\/usu342\/2022\/04\/Captura-de-Pantalla-2022-04-19-a-les-21.00.16-300x136.png 300w, https:\/\/agora.xtec.cat\/institutmontserratroig\/wp-content\/uploads\/usu342\/2022\/04\/Captura-de-Pantalla-2022-04-19-a-les-21.00.16-768x347.png 768w\" sizes=\"auto, (max-width: 775px) 100vw, 775px\" \/><\/a><\/td>\n<td style=\"text-align: center; border: none;\"><a href=\"https:\/\/docs.google.com\/presentation\/d\/1BvHAaGQVERu47J-gq9un-GwLK534pepJ\/edit?usp=sharing&amp;amp;ouid=114641614245788462580&amp;amp;rtpof=true&amp;amp;sd=true\" target=\"_blank\" rel=\"noopener\"><img loading=\"lazy\" decoding=\"async\" class=\"aligncenter wp-image-23543\" title=\"Clica per veure i escoltar la presentaci\u00f3\" src=\"https:\/\/agora.xtec.cat\/institutmontserratroig\/wp-content\/uploads\/usu342\/2022\/04\/Captura-de-Pantalla-2022-04-19-a-les-21.10.20.png\" alt=\"\" width=\"350\" height=\"350\" srcset=\"https:\/\/agora.xtec.cat\/institutmontserratroig\/wp-content\/uploads\/usu342\/2022\/04\/Captura-de-Pantalla-2022-04-19-a-les-21.10.20.png 486w, https:\/\/agora.xtec.cat\/institutmontserratroig\/wp-content\/uploads\/usu342\/2022\/04\/Captura-de-Pantalla-2022-04-19-a-les-21.10.20-300x300.png 300w, https:\/\/agora.xtec.cat\/institutmontserratroig\/wp-content\/uploads\/usu342\/2022\/04\/Captura-de-Pantalla-2022-04-19-a-les-21.10.20-150x150.png 150w\" sizes=\"auto, (max-width: 350px) 100vw, 350px\" \/><\/a><\/td>\n<\/tr>\n<\/tbody>\n<tbody>\n<tr>\n<th style=\"text-align: center;\">Presentaci\u00f3 1<\/th>\n<th style=\"text-align: center;\">Presentaci\u00f3 2<\/th>\n<\/tr>\n<\/tbody>\n<\/table>\n","protected":false},"excerpt":{"rendered":"<p>El passat 21 de mar\u00e7, l&#8217;alumnat de 3r i 4t d&#8217;ESO va celebrar el Dia Mundial de la Poesia amb la lectura de poemes, la recerca d&#8217;informaci\u00f3 i d&#8217;imatges evocadores i la creaci\u00f3 de postals liter\u00e0ries. Enguany, hem incidit especialment en la figura de Gabriel&hellip;  <a href=\"https:\/\/agora.xtec.cat\/institutmontserratroig\/portada\/dia-mundial-de-la-poesia\/\" title=\"Read Dia Mundial de la poesia\">Llegeix m\u00e9s\u00bb<\/a><\/p>\n","protected":false},"author":1,"featured_media":23544,"comment_status":"open","ping_status":"closed","sticky":false,"template":"","format":"standard","meta":{"_bbp_topic_count":0,"_bbp_reply_count":0,"_bbp_total_topic_count":0,"_bbp_total_reply_count":0,"_bbp_voice_count":0,"_bbp_anonymous_reply_count":0,"_bbp_topic_count_hidden":0,"_bbp_reply_count_hidden":0,"_bbp_forum_subforum_count":0,"footnotes":""},"categories":[361,85,86,325,103,29],"tags":[],"class_list":["post-23538","post","type-post","status-publish","format-standard","has-post-thumbnail","hentry","category-curs-2021-22","category-eso-3","category-eso-4","category-ins-montserrat-roig","category-llengua-catalana","category-portada"],"post_mailing_queue_ids":[],"_links":{"self":[{"href":"https:\/\/agora.xtec.cat\/institutmontserratroig\/wp-json\/wp\/v2\/posts\/23538","targetHints":{"allow":["GET"]}}],"collection":[{"href":"https:\/\/agora.xtec.cat\/institutmontserratroig\/wp-json\/wp\/v2\/posts"}],"about":[{"href":"https:\/\/agora.xtec.cat\/institutmontserratroig\/wp-json\/wp\/v2\/types\/post"}],"author":[{"embeddable":true,"href":"https:\/\/agora.xtec.cat\/institutmontserratroig\/wp-json\/wp\/v2\/users\/1"}],"replies":[{"embeddable":true,"href":"https:\/\/agora.xtec.cat\/institutmontserratroig\/wp-json\/wp\/v2\/comments?post=23538"}],"version-history":[{"count":4,"href":"https:\/\/agora.xtec.cat\/institutmontserratroig\/wp-json\/wp\/v2\/posts\/23538\/revisions"}],"predecessor-version":[{"id":23547,"href":"https:\/\/agora.xtec.cat\/institutmontserratroig\/wp-json\/wp\/v2\/posts\/23538\/revisions\/23547"}],"wp:featuredmedia":[{"embeddable":true,"href":"https:\/\/agora.xtec.cat\/institutmontserratroig\/wp-json\/wp\/v2\/media\/23544"}],"wp:attachment":[{"href":"https:\/\/agora.xtec.cat\/institutmontserratroig\/wp-json\/wp\/v2\/media?parent=23538"}],"wp:term":[{"taxonomy":"category","embeddable":true,"href":"https:\/\/agora.xtec.cat\/institutmontserratroig\/wp-json\/wp\/v2\/categories?post=23538"},{"taxonomy":"post_tag","embeddable":true,"href":"https:\/\/agora.xtec.cat\/institutmontserratroig\/wp-json\/wp\/v2\/tags?post=23538"}],"curies":[{"name":"wp","href":"https:\/\/api.w.org\/{rel}","templated":true}]}}