{"id":23408,"date":"2022-03-30T21:40:46","date_gmt":"2022-03-30T19:40:46","guid":{"rendered":"https:\/\/agora.xtec.cat\/institutmontserratroig\/?p=23408"},"modified":"2022-04-05T20:55:16","modified_gmt":"2022-04-05T18:55:16","slug":"beques-per-a-ensenyaments-postobligatoris-no-universitaris-2022-23","status":"publish","type":"post","link":"https:\/\/agora.xtec.cat\/institutmontserratroig\/portada\/beques-per-a-ensenyaments-postobligatoris-no-universitaris-2022-23\/","title":{"rendered":"Beques per a ensenyaments postobligatoris no universitaris 2022-23"},"content":{"rendered":"<p><a href=\"https:\/\/educacio.gencat.cat\/ca\/tramits\/tramits-temes\/247-beques-ministerio-postobligatoris?category=7449fd1c-a82c-11e3-a972-000c29052e2c\" target=\"_blank\" rel=\"noopener\"><img loading=\"lazy\" decoding=\"async\" class=\"aligncenter wp-image-23409\" src=\"https:\/\/agora.xtec.cat\/institutmontserratroig\/wp-content\/uploads\/usu342\/2022\/03\/beques-1024x614-1.jpeg\" alt=\"\" width=\"800\" height=\"480\" srcset=\"https:\/\/agora.xtec.cat\/institutmontserratroig\/wp-content\/uploads\/usu342\/2022\/03\/beques-1024x614-1.jpeg 1024w, https:\/\/agora.xtec.cat\/institutmontserratroig\/wp-content\/uploads\/usu342\/2022\/03\/beques-1024x614-1-300x180.jpeg 300w, https:\/\/agora.xtec.cat\/institutmontserratroig\/wp-content\/uploads\/usu342\/2022\/03\/beques-1024x614-1-768x461.jpeg 768w\" sizes=\"auto, (max-width: 800px) 100vw, 800px\" \/><\/a><\/p>\n<p style=\"text-align: justify;\">Aquest any les beques convocades pel Ministeri d\u00b4Educaci\u00f3 i Formaci\u00f3 Professional per a estudiants que el curs acad\u00e8mic 2022-2023 cursaran ensenyaments postobligatoris s\u2019ha avan\u00e7at uns mesos.<\/p>\n<p style=\"text-align: justify;\">La <a href=\"https:\/\/educacio.gencat.cat\/ca\/tramits\/tramits-temes\/247-beques-ministerio-postobligatoris?category=7449fd1c-a82c-11e3-a972-000c29052e2c\" target=\"_blank\" rel=\"noopener\">presentaci\u00f3 de la sol\u00b7licitud<\/a> ser\u00e0 del 30 de mar\u00e7 al 12 maig de 2022.<\/p>\n<p style=\"text-align: justify;\">Trobareu tota la informaci\u00f3 necess\u00e0ria <a href=\"https:\/\/educacio.gencat.cat\/ca\/tramits\/tramits-temes\/247-beques-ministerio-postobligatoris?category=7449fd1c-a82c-11e3-a972-000c29052e2c\" target=\"_blank\" rel=\"noopener\">en aquest enlla\u00e7<\/a><\/p>\n<table style=\"width: 100%; background-color: #fefed2;\">\n<tbody>\n<tr>\n<td style=\"text-align: center; border: none;\">\n<h4>I si t&#8217;hi repenses, no hi perds res!<\/h4>\n<h5>El m\u00e9s important ara \u00e9s que presentis la sol\u00b7licitud. M\u00e9s endavant podr\u00e0s fer-hi modificacions, adjuntar-hi documentaci\u00f3 i, fins i tot, canviar d&#8217;estudis o de centre.<\/h5>\n<\/td>\n<\/tr>\n<\/tbody>\n<\/table>\n","protected":false},"excerpt":{"rendered":"<p><a href=\"https:\/\/educacio.gencat.cat\/ca\/tramits\/tramits-temes\/247-beques-ministerio-postobligatoris?category=7449fd1c-a82c-11e3-a972-000c29052e2c\" target=\"_blank\" rel=\"noopener\"><\/a><br \/>\nAquest any les beques convocades pel Ministeri d\u00b4Educaci\u00f3 i Formaci\u00f3 Professional per a estudiants que el curs acad\u00e8mic 2022-2023 cursaran ensenyaments postobligatoris s\u2019ha avan\u00e7at uns mesos.<br \/>\nLa <a href=\"https:\/\/educacio.gencat.cat\/ca\/tramits\/tramits-temes\/247-beques-ministerio-postobligatoris?category=7449fd1c-a82c-11e3-a972-000c29052e2c\" target=\"_blank\" rel=\"noopener\">presentaci\u00f3 de la sol\u00b7licitud<\/a> ser\u00e0 del 30 de mar\u00e7 al 12 maig de&hellip;  <a href=\"https:\/\/agora.xtec.cat\/institutmontserratroig\/portada\/beques-per-a-ensenyaments-postobligatoris-no-universitaris-2022-23\/\" title=\"Read Beques per a ensenyaments postobligatoris no universitaris 2022-23\">Llegeix m\u00e9s\u00bb<\/a><\/p>\n","protected":false},"author":1,"featured_media":23409,"comment_status":"open","ping_status":"closed","sticky":false,"template":"","format":"standard","meta":{"_bbp_topic_count":0,"_bbp_reply_count":0,"_bbp_total_topic_count":0,"_bbp_total_reply_count":0,"_bbp_voice_count":0,"_bbp_anonymous_reply_count":0,"_bbp_topic_count_hidden":0,"_bbp_reply_count_hidden":0,"_bbp_forum_subforum_count":0,"footnotes":""},"categories":[361,325,29],"tags":[385,177],"class_list":["post-23408","post","type-post","status-publish","format-standard","has-post-thumbnail","hentry","category-curs-2021-22","category-ins-montserrat-roig","category-portada","tag-beques-i-ajuts","tag-informacio-centre"],"post_mailing_queue_ids":[],"_links":{"self":[{"href":"https:\/\/agora.xtec.cat\/institutmontserratroig\/wp-json\/wp\/v2\/posts\/23408","targetHints":{"allow":["GET"]}}],"collection":[{"href":"https:\/\/agora.xtec.cat\/institutmontserratroig\/wp-json\/wp\/v2\/posts"}],"about":[{"href":"https:\/\/agora.xtec.cat\/institutmontserratroig\/wp-json\/wp\/v2\/types\/post"}],"author":[{"embeddable":true,"href":"https:\/\/agora.xtec.cat\/institutmontserratroig\/wp-json\/wp\/v2\/users\/1"}],"replies":[{"embeddable":true,"href":"https:\/\/agora.xtec.cat\/institutmontserratroig\/wp-json\/wp\/v2\/comments?post=23408"}],"version-history":[{"count":2,"href":"https:\/\/agora.xtec.cat\/institutmontserratroig\/wp-json\/wp\/v2\/posts\/23408\/revisions"}],"predecessor-version":[{"id":23448,"href":"https:\/\/agora.xtec.cat\/institutmontserratroig\/wp-json\/wp\/v2\/posts\/23408\/revisions\/23448"}],"wp:featuredmedia":[{"embeddable":true,"href":"https:\/\/agora.xtec.cat\/institutmontserratroig\/wp-json\/wp\/v2\/media\/23409"}],"wp:attachment":[{"href":"https:\/\/agora.xtec.cat\/institutmontserratroig\/wp-json\/wp\/v2\/media?parent=23408"}],"wp:term":[{"taxonomy":"category","embeddable":true,"href":"https:\/\/agora.xtec.cat\/institutmontserratroig\/wp-json\/wp\/v2\/categories?post=23408"},{"taxonomy":"post_tag","embeddable":true,"href":"https:\/\/agora.xtec.cat\/institutmontserratroig\/wp-json\/wp\/v2\/tags?post=23408"}],"curies":[{"name":"wp","href":"https:\/\/api.w.org\/{rel}","templated":true}]}}