{"id":22763,"date":"2022-02-21T21:30:49","date_gmt":"2022-02-21T20:30:49","guid":{"rendered":"https:\/\/agora.xtec.cat\/institutmontserratroig\/?p=22763"},"modified":"2022-02-21T21:55:18","modified_gmt":"2022-02-21T20:55:18","slug":"premis-atrapallibres-i-protagonista-jove","status":"publish","type":"post","link":"https:\/\/agora.xtec.cat\/institutmontserratroig\/portada\/premis-atrapallibres-i-protagonista-jove\/","title":{"rendered":"Premis Atrapallibres i Protagonista Jove"},"content":{"rendered":"<p><a href=\"https:\/\/agora.xtec.cat\/institutmontserratroig\/wp-content\/uploads\/usu342\/2022\/02\/Cartell.jpg\"><img loading=\"lazy\" decoding=\"async\" class=\"aligncenter wp-image-22767\" src=\"https:\/\/agora.xtec.cat\/institutmontserratroig\/wp-content\/uploads\/usu342\/2022\/02\/Cartell-1024x576.jpg\" alt=\"\" width=\"1024\" height=\"576\" srcset=\"https:\/\/agora.xtec.cat\/institutmontserratroig\/wp-content\/uploads\/usu342\/2022\/02\/Cartell-1024x576.jpg 1024w, https:\/\/agora.xtec.cat\/institutmontserratroig\/wp-content\/uploads\/usu342\/2022\/02\/Cartell-300x169.jpg 300w, https:\/\/agora.xtec.cat\/institutmontserratroig\/wp-content\/uploads\/usu342\/2022\/02\/Cartell-768x432.jpg 768w, https:\/\/agora.xtec.cat\/institutmontserratroig\/wp-content\/uploads\/usu342\/2022\/02\/Cartell-1536x864.jpg 1536w, https:\/\/agora.xtec.cat\/institutmontserratroig\/wp-content\/uploads\/usu342\/2022\/02\/Cartell.jpg 1920w\" sizes=\"auto, (max-width: 1024px) 100vw, 1024px\" \/><\/a><\/p>\n<p style=\"text-align: justify;\">Un any m\u00e9s, el nostre centre participa en els Premis Atrapallibres (1r d\u2019ESO) i Protagonista Jove (2n, 3r i 4t d\u2019ESO), organitzats pel Consell Catal\u00e0 del Llibre Infantil i Juvenil (Clijcat), que selecciona 3 llibres per a cada categoria. Els alumnes que participen volunt\u00e0riament en els premis han de llegir les obres seleccionades i, a final de curs votar el llibre que m\u00e9s els ha agradat. Durant el curs ens anem reunint a la biblioteca per fer una mica de tert\u00falia i comentar els llibres.<\/p>\n\n\t\t<style type=\"text\/css\">\n\t\t\t#gallery-1 {\n\t\t\t\tmargin: auto;\n\t\t\t}\n\t\t\t#gallery-1 .gallery-item {\n\t\t\t\tfloat: left;\n\t\t\t\tmargin-top: 10px;\n\t\t\t\ttext-align: center;\n\t\t\t\twidth: 50%;\n\t\t\t}\n\t\t\t#gallery-1 img {\n\t\t\t\tborder: 2px solid #cfcfcf;\n\t\t\t}\n\t\t\t#gallery-1 .gallery-caption {\n\t\t\t\tmargin-left: 0;\n\t\t\t}\n\t\t\t\/* see gallery_shortcode() in wp-includes\/media.php *\/\n\t\t<\/style>\n\t\t<div id='gallery-1' class='gallery galleryid-22763 gallery-columns-2 gallery-size-full'><dl class='gallery-item'>\n\t\t\t<dt class='gallery-icon landscape'>\n\t\t\t\t<a href='https:\/\/agora.xtec.cat\/institutmontserratroig\/wp-content\/uploads\/usu342\/2022\/02\/foto-protagonista-jove.jpg'><img loading=\"lazy\" decoding=\"async\" width=\"1024\" height=\"768\" src=\"https:\/\/agora.xtec.cat\/institutmontserratroig\/wp-content\/uploads\/usu342\/2022\/02\/foto-protagonista-jove.jpg\" class=\"attachment-full size-full\" alt=\"\" srcset=\"https:\/\/agora.xtec.cat\/institutmontserratroig\/wp-content\/uploads\/usu342\/2022\/02\/foto-protagonista-jove.jpg 1024w, https:\/\/agora.xtec.cat\/institutmontserratroig\/wp-content\/uploads\/usu342\/2022\/02\/foto-protagonista-jove-300x225.jpg 300w, https:\/\/agora.xtec.cat\/institutmontserratroig\/wp-content\/uploads\/usu342\/2022\/02\/foto-protagonista-jove-768x576.jpg 768w, https:\/\/agora.xtec.cat\/institutmontserratroig\/wp-content\/uploads\/usu342\/2022\/02\/foto-protagonista-jove-200x150.jpg 200w\" sizes=\"auto, (max-width: 1024px) 100vw, 1024px\" \/><\/a>\n\t\t\t<\/dt><\/dl><dl class='gallery-item'>\n\t\t\t<dt class='gallery-icon landscape'>\n\t\t\t\t<a href='https:\/\/agora.xtec.cat\/institutmontserratroig\/wp-content\/uploads\/usu342\/2022\/02\/foto-premi-atrapallibres.jpg'><img loading=\"lazy\" decoding=\"async\" width=\"1024\" height=\"767\" src=\"https:\/\/agora.xtec.cat\/institutmontserratroig\/wp-content\/uploads\/usu342\/2022\/02\/foto-premi-atrapallibres.jpg\" class=\"attachment-full size-full\" alt=\"\" srcset=\"https:\/\/agora.xtec.cat\/institutmontserratroig\/wp-content\/uploads\/usu342\/2022\/02\/foto-premi-atrapallibres.jpg 1024w, https:\/\/agora.xtec.cat\/institutmontserratroig\/wp-content\/uploads\/usu342\/2022\/02\/foto-premi-atrapallibres-300x225.jpg 300w, https:\/\/agora.xtec.cat\/institutmontserratroig\/wp-content\/uploads\/usu342\/2022\/02\/foto-premi-atrapallibres-768x575.jpg 768w, https:\/\/agora.xtec.cat\/institutmontserratroig\/wp-content\/uploads\/usu342\/2022\/02\/foto-premi-atrapallibres-200x150.jpg 200w\" sizes=\"auto, (max-width: 1024px) 100vw, 1024px\" \/><\/a>\n\t\t\t<\/dt><\/dl><br style=\"clear: both\" \/>\n\t\t<\/div>\n\n","protected":false},"excerpt":{"rendered":"<p><a href=\"https:\/\/agora.xtec.cat\/institutmontserratroig\/wp-content\/uploads\/usu342\/2022\/02\/Cartell.jpg\"><\/a><br \/>\nUn any m\u00e9s, el nostre centre participa en els Premis Atrapallibres (1r d\u2019ESO) i Protagonista Jove (2n, 3r i 4t d\u2019ESO), organitzats pel Consell Catal\u00e0 del Llibre Infantil i Juvenil (Clijcat), que selecciona 3 llibres per a cada categoria. Els alumnes que participen volunt\u00e0riament&hellip;  <a href=\"https:\/\/agora.xtec.cat\/institutmontserratroig\/portada\/premis-atrapallibres-i-protagonista-jove\/\" title=\"Read Premis Atrapallibres i Protagonista Jove\">Llegeix m\u00e9s\u00bb<\/a><\/p>\n","protected":false},"author":1,"featured_media":22765,"comment_status":"open","ping_status":"closed","sticky":false,"template":"","format":"standard","meta":{"_bbp_topic_count":0,"_bbp_reply_count":0,"_bbp_total_topic_count":0,"_bbp_total_reply_count":0,"_bbp_voice_count":0,"_bbp_anonymous_reply_count":0,"_bbp_topic_count_hidden":0,"_bbp_reply_count_hidden":0,"_bbp_forum_subforum_count":0,"footnotes":""},"categories":[361,83,84,85,86,325,103,29],"tags":[346],"class_list":["post-22763","post","type-post","status-publish","format-standard","has-post-thumbnail","hentry","category-curs-2021-22","category-eso-1","category-eso-2","category-eso-3","category-eso-4","category-ins-montserrat-roig","category-llengua-catalana","category-portada","tag-concurs"],"post_mailing_queue_ids":[],"_links":{"self":[{"href":"https:\/\/agora.xtec.cat\/institutmontserratroig\/wp-json\/wp\/v2\/posts\/22763","targetHints":{"allow":["GET"]}}],"collection":[{"href":"https:\/\/agora.xtec.cat\/institutmontserratroig\/wp-json\/wp\/v2\/posts"}],"about":[{"href":"https:\/\/agora.xtec.cat\/institutmontserratroig\/wp-json\/wp\/v2\/types\/post"}],"author":[{"embeddable":true,"href":"https:\/\/agora.xtec.cat\/institutmontserratroig\/wp-json\/wp\/v2\/users\/1"}],"replies":[{"embeddable":true,"href":"https:\/\/agora.xtec.cat\/institutmontserratroig\/wp-json\/wp\/v2\/comments?post=22763"}],"version-history":[{"count":3,"href":"https:\/\/agora.xtec.cat\/institutmontserratroig\/wp-json\/wp\/v2\/posts\/22763\/revisions"}],"predecessor-version":[{"id":22770,"href":"https:\/\/agora.xtec.cat\/institutmontserratroig\/wp-json\/wp\/v2\/posts\/22763\/revisions\/22770"}],"wp:featuredmedia":[{"embeddable":true,"href":"https:\/\/agora.xtec.cat\/institutmontserratroig\/wp-json\/wp\/v2\/media\/22765"}],"wp:attachment":[{"href":"https:\/\/agora.xtec.cat\/institutmontserratroig\/wp-json\/wp\/v2\/media?parent=22763"}],"wp:term":[{"taxonomy":"category","embeddable":true,"href":"https:\/\/agora.xtec.cat\/institutmontserratroig\/wp-json\/wp\/v2\/categories?post=22763"},{"taxonomy":"post_tag","embeddable":true,"href":"https:\/\/agora.xtec.cat\/institutmontserratroig\/wp-json\/wp\/v2\/tags?post=22763"}],"curies":[{"name":"wp","href":"https:\/\/api.w.org\/{rel}","templated":true}]}}