{"id":22600,"date":"2022-02-03T14:21:40","date_gmt":"2022-02-03T13:21:40","guid":{"rendered":"https:\/\/agora.xtec.cat\/institutmontserratroig\/?p=22600"},"modified":"2022-02-04T08:31:22","modified_gmt":"2022-02-04T07:31:22","slug":"compartim-experiencies-creixem-plegats","status":"publish","type":"post","link":"https:\/\/agora.xtec.cat\/institutmontserratroig\/portada\/compartim-experiencies-creixem-plegats\/","title":{"rendered":"Compartim experi\u00e8ncies: creixem plegats"},"content":{"rendered":"<p style=\"text-align: justify;\">4 ex-alumnes del Roig ens han visitat aquest dimecres dia 2 per compartir amb el nostre alumnat de segon de BAT la seva experi\u00e8ncia amb el batxillerat, les PAU i el primer any d&#8217;universitat. Els nois i noies de segon han conegut de primera m\u00e0 les seves viv\u00e8ncies i encerts, i tamb\u00e9 alguna ensopegada, i han descobert que els seus neguits s\u00f3n compartits promoci\u00f3 rere promoci\u00f3 per estudiants de ci\u00e8ncies, tecnologia, humanitats i ci\u00e8ncies socials.<\/p>\n<table style=\"width: 100%; border: none;\">\n<tbody>\n<tr>\n<td style=\"text-align: center; border: none;\"><a href=\"https:\/\/agora.xtec.cat\/institutmontserratroig\/wp-content\/uploads\/usu342\/2022\/02\/xerrada1.jpg\"><img loading=\"lazy\" decoding=\"async\" class=\"aligncenter wp-image-22605\" src=\"https:\/\/agora.xtec.cat\/institutmontserratroig\/wp-content\/uploads\/usu342\/2022\/02\/xerrada1-1024x768.jpg\" alt=\"\" width=\"533\" height=\"400\" srcset=\"https:\/\/agora.xtec.cat\/institutmontserratroig\/wp-content\/uploads\/usu342\/2022\/02\/xerrada1-1024x768.jpg 1024w, https:\/\/agora.xtec.cat\/institutmontserratroig\/wp-content\/uploads\/usu342\/2022\/02\/xerrada1-300x225.jpg 300w, https:\/\/agora.xtec.cat\/institutmontserratroig\/wp-content\/uploads\/usu342\/2022\/02\/xerrada1-768x576.jpg 768w, https:\/\/agora.xtec.cat\/institutmontserratroig\/wp-content\/uploads\/usu342\/2022\/02\/xerrada1-1536x1152.jpg 1536w, https:\/\/agora.xtec.cat\/institutmontserratroig\/wp-content\/uploads\/usu342\/2022\/02\/xerrada1-200x150.jpg 200w, https:\/\/agora.xtec.cat\/institutmontserratroig\/wp-content\/uploads\/usu342\/2022\/02\/xerrada1.jpg 2048w\" sizes=\"auto, (max-width: 533px) 100vw, 533px\" \/><\/a><\/td>\n<td style=\"text-align: center; border: none;\"><a href=\"https:\/\/agora.xtec.cat\/institutmontserratroig\/wp-content\/uploads\/usu342\/2022\/02\/xerrada2.jpg\"><img loading=\"lazy\" decoding=\"async\" class=\"aligncenter wp-image-22606\" src=\"https:\/\/agora.xtec.cat\/institutmontserratroig\/wp-content\/uploads\/usu342\/2022\/02\/xerrada2.jpg\" alt=\"\" width=\"533\" height=\"400\" srcset=\"https:\/\/agora.xtec.cat\/institutmontserratroig\/wp-content\/uploads\/usu342\/2022\/02\/xerrada2.jpg 1024w, https:\/\/agora.xtec.cat\/institutmontserratroig\/wp-content\/uploads\/usu342\/2022\/02\/xerrada2-300x225.jpg 300w, https:\/\/agora.xtec.cat\/institutmontserratroig\/wp-content\/uploads\/usu342\/2022\/02\/xerrada2-768x576.jpg 768w, https:\/\/agora.xtec.cat\/institutmontserratroig\/wp-content\/uploads\/usu342\/2022\/02\/xerrada2-200x150.jpg 200w\" sizes=\"auto, (max-width: 533px) 100vw, 533px\" \/><\/a><\/td>\n<\/tr>\n<\/tbody>\n<\/table>\n<p style=\"text-align: justify;\">De ben segur aquest col\u00b7loqui amb la <strong>Sofia Vilella<\/strong> (promoci\u00f3 2019-2020), estudiant de literatura a la UB, <strong>Filotea Crasovan<\/strong> (promoci\u00f3 2019-2020), estudiant de medicina a la UB, <strong>Sergi Soldevila<\/strong> (promoci\u00f3 2020-2021), estudiant de dret i economia a la UPF i <strong>Jan Tena<\/strong> (promoci\u00f3 2020-2021), estudiant d&#8217;enginyeria aeroespacial a la UPC els ha servit per entendre com encarar el final de curs i les PAU.<\/p>\n<p style=\"text-align: justify;\">Tot l&#8217;equip docent de batxillerat i l&#8217;alumnat de segon agraeix profundament que ens hagin dedicat 1 hora de la seva atrafegada vida. Tamb\u00e9 volem agrair la seva col\u00b7laboraci\u00f3 a en <strong>Biel Cuxart<\/strong> (promoci\u00f3 2020-2021), estudiant de qu\u00edmica a la UAB i a en <strong>Lobo Hispano<\/strong> (promoci\u00f3 2020-2021), estudiant de Global Studies a la UPF, que finalment no han pogut assistir a la xerrada.<\/p>\n<p style=\"text-align: justify;\">Us desitgem molts encerts i esperem veure-us ben aviat!<\/p>\n","protected":false},"excerpt":{"rendered":"<p>4 ex-alumnes del Roig ens han visitat aquest dimecres dia 2 per compartir amb el nostre alumnat de segon de BAT la seva experi\u00e8ncia amb el batxillerat, les PAU i el primer any d&#8217;universitat. Els nois i noies de segon han conegut de primera m\u00e0&hellip;  <a href=\"https:\/\/agora.xtec.cat\/institutmontserratroig\/portada\/compartim-experiencies-creixem-plegats\/\" title=\"Read Compartim experi\u00e8ncies: creixem plegats\">Llegeix m\u00e9s\u00bb<\/a><\/p>\n","protected":false},"author":1,"featured_media":22606,"comment_status":"open","ping_status":"closed","sticky":false,"template":"","format":"standard","meta":{"_bbp_topic_count":0,"_bbp_reply_count":0,"_bbp_total_topic_count":0,"_bbp_total_reply_count":0,"_bbp_voice_count":0,"_bbp_anonymous_reply_count":0,"_bbp_topic_count_hidden":0,"_bbp_reply_count_hidden":0,"_bbp_forum_subforum_count":0,"footnotes":""},"categories":[67,361,325,29],"tags":[133,201],"class_list":["post-22600","post","type-post","status-publish","format-standard","has-post-thumbnail","hentry","category-2n-de-batxillerat","category-curs-2021-22","category-ins-montserrat-roig","category-portada","tag-alumnat","tag-xerrades-i-conferencies"],"post_mailing_queue_ids":[],"_links":{"self":[{"href":"https:\/\/agora.xtec.cat\/institutmontserratroig\/wp-json\/wp\/v2\/posts\/22600","targetHints":{"allow":["GET"]}}],"collection":[{"href":"https:\/\/agora.xtec.cat\/institutmontserratroig\/wp-json\/wp\/v2\/posts"}],"about":[{"href":"https:\/\/agora.xtec.cat\/institutmontserratroig\/wp-json\/wp\/v2\/types\/post"}],"author":[{"embeddable":true,"href":"https:\/\/agora.xtec.cat\/institutmontserratroig\/wp-json\/wp\/v2\/users\/1"}],"replies":[{"embeddable":true,"href":"https:\/\/agora.xtec.cat\/institutmontserratroig\/wp-json\/wp\/v2\/comments?post=22600"}],"version-history":[{"count":3,"href":"https:\/\/agora.xtec.cat\/institutmontserratroig\/wp-json\/wp\/v2\/posts\/22600\/revisions"}],"predecessor-version":[{"id":22608,"href":"https:\/\/agora.xtec.cat\/institutmontserratroig\/wp-json\/wp\/v2\/posts\/22600\/revisions\/22608"}],"wp:featuredmedia":[{"embeddable":true,"href":"https:\/\/agora.xtec.cat\/institutmontserratroig\/wp-json\/wp\/v2\/media\/22606"}],"wp:attachment":[{"href":"https:\/\/agora.xtec.cat\/institutmontserratroig\/wp-json\/wp\/v2\/media?parent=22600"}],"wp:term":[{"taxonomy":"category","embeddable":true,"href":"https:\/\/agora.xtec.cat\/institutmontserratroig\/wp-json\/wp\/v2\/categories?post=22600"},{"taxonomy":"post_tag","embeddable":true,"href":"https:\/\/agora.xtec.cat\/institutmontserratroig\/wp-json\/wp\/v2\/tags?post=22600"}],"curies":[{"name":"wp","href":"https:\/\/api.w.org\/{rel}","templated":true}]}}