{"id":22593,"date":"2022-02-02T19:07:51","date_gmt":"2022-02-02T18:07:51","guid":{"rendered":"https:\/\/agora.xtec.cat\/institutmontserratroig\/?p=22593"},"modified":"2022-02-02T19:12:57","modified_gmt":"2022-02-02T18:12:57","slug":"torna-el-concurs-odissea","status":"publish","type":"post","link":"https:\/\/agora.xtec.cat\/institutmontserratroig\/portada\/torna-el-concurs-odissea\/","title":{"rendered":"Torna el Concurs Odissea!"},"content":{"rendered":"<p><a href=\"https:\/\/agora.xtec.cat\/institutmontserratroig\/wp-content\/uploads\/usu342\/2021\/03\/logo_odisea_mov.gif\"><img loading=\"lazy\" decoding=\"async\" class=\"size-full wp-image-20587 aligncenter\" src=\"https:\/\/agora.xtec.cat\/institutmontserratroig\/wp-content\/uploads\/usu342\/2021\/03\/logo_odisea_mov.gif\" alt=\"\" width=\"200\" height=\"101\" \/><\/a><\/p>\n<p style=\"text-align: justify;\">Com cada hivern des de fa 11 cursos, els alumnes de cultura cl\u00e0ssica de Catalunya i de la resta de l\u2019estat, inicien una nova odissea en la qual hauran de navegar entre conceptes d\u2019art nascuts en la Gr\u00e8cia i la Roma antigues.<\/p>\n<p style=\"text-align: justify;\">Enguany el <a href=\"http:\/\/www.odiseaconcurso.org\/odisea.php?comu=ca&amp;lang=ca\" target=\"_blank\" rel=\"noopener\">Concurs Odissea 2022<\/a> ser\u00e0 els dies 31 de gener, 1, 2 i 3 de febrer. Aquest concurs consisteix a respondre online durant tres dies seguits tres preguntes relacionades amb l\u2019art en el m\u00f3n cl\u00e0ssic. El dia culminant, per\u00f2, \u00e9s dijous, en qu\u00e8 el nombre de preguntes augmenta fins a 10 o 12. \u00c9s el dia de les cerques impossibles i les troballes impensables.<\/p>\n<p style=\"text-align: justify;\">L\u2019edici\u00f3 d\u2019enguany se centra en l\u2019art en el m\u00f3n cl\u00e0ssic i les q\u00fcestions poden ser relacionades amb la mitologia, la vida quotidiana o la literatura.<\/p>\n<p style=\"text-align: justify;\">Els alumnes de llat\u00ed i grec de l\u2019institut Montserrat Roig participen, en 9 grups per tercer any consecutiu. Els desitgem molta sort i molts encerts.<\/p>\n<p style=\"text-align: justify;\">Que Atenea els acompanyi en aquesta nova Odissea.<\/p>\n<h4 style=\"text-align: center;\">Bona Fortuna! \u039a\u03b1\u03bb\u03ae \u03c4\u03cd\u03c7\u03b7!<\/h4>\n","protected":false},"excerpt":{"rendered":"<p><a href=\"https:\/\/agora.xtec.cat\/institutmontserratroig\/wp-content\/uploads\/usu342\/2021\/03\/logo_odisea_mov.gif\"><\/a><br \/>\nCom cada hivern des de fa 11 cursos, els alumnes de cultura cl\u00e0ssica de Catalunya i de la resta de l\u2019estat, inicien una nova odissea en la qual hauran de navegar entre conceptes d\u2019art nascuts en la Gr\u00e8cia i la Roma antigues.<br \/>\nEnguany el <a&hellip;  <a href=\"https:\/\/agora.xtec.cat\/institutmontserratroig\/portada\/torna-el-concurs-odissea\/\" title=\"Read Torna el Concurs Odissea!\">Llegeix m\u00e9s\u00bb<\/a><\/p>\n","protected":false},"author":1,"featured_media":20587,"comment_status":"open","ping_status":"closed","sticky":false,"template":"","format":"standard","meta":{"_bbp_topic_count":0,"_bbp_reply_count":0,"_bbp_total_topic_count":0,"_bbp_total_reply_count":0,"_bbp_voice_count":0,"_bbp_anonymous_reply_count":0,"_bbp_topic_count_hidden":0,"_bbp_reply_count_hidden":0,"_bbp_forum_subforum_count":0,"footnotes":""},"categories":[99,361,86,325,29],"tags":[346,332],"class_list":["post-22593","post","type-post","status-publish","format-standard","has-post-thumbnail","hentry","category-classiques","category-curs-2021-22","category-eso-4","category-ins-montserrat-roig","category-portada","tag-concurs","tag-concurs-odissea"],"post_mailing_queue_ids":[],"_links":{"self":[{"href":"https:\/\/agora.xtec.cat\/institutmontserratroig\/wp-json\/wp\/v2\/posts\/22593","targetHints":{"allow":["GET"]}}],"collection":[{"href":"https:\/\/agora.xtec.cat\/institutmontserratroig\/wp-json\/wp\/v2\/posts"}],"about":[{"href":"https:\/\/agora.xtec.cat\/institutmontserratroig\/wp-json\/wp\/v2\/types\/post"}],"author":[{"embeddable":true,"href":"https:\/\/agora.xtec.cat\/institutmontserratroig\/wp-json\/wp\/v2\/users\/1"}],"replies":[{"embeddable":true,"href":"https:\/\/agora.xtec.cat\/institutmontserratroig\/wp-json\/wp\/v2\/comments?post=22593"}],"version-history":[{"count":3,"href":"https:\/\/agora.xtec.cat\/institutmontserratroig\/wp-json\/wp\/v2\/posts\/22593\/revisions"}],"predecessor-version":[{"id":22596,"href":"https:\/\/agora.xtec.cat\/institutmontserratroig\/wp-json\/wp\/v2\/posts\/22593\/revisions\/22596"}],"wp:featuredmedia":[{"embeddable":true,"href":"https:\/\/agora.xtec.cat\/institutmontserratroig\/wp-json\/wp\/v2\/media\/20587"}],"wp:attachment":[{"href":"https:\/\/agora.xtec.cat\/institutmontserratroig\/wp-json\/wp\/v2\/media?parent=22593"}],"wp:term":[{"taxonomy":"category","embeddable":true,"href":"https:\/\/agora.xtec.cat\/institutmontserratroig\/wp-json\/wp\/v2\/categories?post=22593"},{"taxonomy":"post_tag","embeddable":true,"href":"https:\/\/agora.xtec.cat\/institutmontserratroig\/wp-json\/wp\/v2\/tags?post=22593"}],"curies":[{"name":"wp","href":"https:\/\/api.w.org\/{rel}","templated":true}]}}