{"id":22569,"date":"2022-01-27T22:45:22","date_gmt":"2022-01-27T21:45:22","guid":{"rendered":"https:\/\/agora.xtec.cat\/institutmontserratroig\/?p=22569"},"modified":"2022-01-27T22:50:55","modified_gmt":"2022-01-27T21:50:55","slug":"properes-activitats-al-centre-civic-la-sedeta","status":"publish","type":"post","link":"https:\/\/agora.xtec.cat\/institutmontserratroig\/portada\/properes-activitats-al-centre-civic-la-sedeta\/","title":{"rendered":"Properes activitats al Centre C\u00edvic La Sedeta"},"content":{"rendered":"<p style=\"text-align: justify;\">Us compartim el programa d&#8217;activitats del Centre C\u00edvic La Sedeta per aquest trimestre, de gener a mar\u00e7, per si \u00e9s del vostre inter\u00e8s.<\/p>\n<p style=\"text-align: justify;\">Destacar tamb\u00e9 que el proper dimarts, 1 de febrer, a les 19 h, Xavier Oller Nogu\u00e9s, ve\u00ed del barri que va participar a les mobilitzacions per recuperar La Sedeta per al barri, presentar\u00e0 el seu llibre &#8220;Nosaltres no v\u00e0rem pactar. La Transici\u00f3 a peu de carrer&#8221;.<\/p>\n<p style=\"text-align: justify;\">Us hi esperem!<\/p>\n<table style=\"width: 100%; border: none;\">\n<tbody>\n<tr>\n<td style=\"text-align: center; border: none; width: 33%;\"><a href=\"https:\/\/drive.google.com\/file\/d\/1DjoB_oT03bAjRIe_MANHDypUgzfBWpVL\/view?usp=sharing\" target=\"_blank\" rel=\"noopener\"><img loading=\"lazy\" decoding=\"async\" class=\"aligncenter wp-image-22570\" src=\"https:\/\/agora.xtec.cat\/institutmontserratroig\/wp-content\/uploads\/usu342\/2022\/01\/Captura-de-Pantalla-2022-01-27-a-les-22.30.03.png\" alt=\"\" width=\"219\" height=\"400\" srcset=\"https:\/\/agora.xtec.cat\/institutmontserratroig\/wp-content\/uploads\/usu342\/2022\/01\/Captura-de-Pantalla-2022-01-27-a-les-22.30.03.png 225w, https:\/\/agora.xtec.cat\/institutmontserratroig\/wp-content\/uploads\/usu342\/2022\/01\/Captura-de-Pantalla-2022-01-27-a-les-22.30.03-164x300.png 164w\" sizes=\"auto, (max-width: 219px) 100vw, 219px\" \/><\/a><\/td>\n<td style=\"text-align: center; border: none; width: 33%;\"><a href=\"https:\/\/agora.xtec.cat\/institutmontserratroig\/wp-content\/uploads\/usu342\/2022\/01\/Conc-DMJ-Gra\u0300cia-pl.-La-Sedeta-29-gen.png\"><img loading=\"lazy\" decoding=\"async\" class=\"aligncenter wp-image-22571\" src=\"https:\/\/agora.xtec.cat\/institutmontserratroig\/wp-content\/uploads\/usu342\/2022\/01\/Conc-DMJ-Gra\u0300cia-pl.-La-Sedeta-29-gen-724x1024.png\" alt=\"\" width=\"283\" height=\"400\" srcset=\"https:\/\/agora.xtec.cat\/institutmontserratroig\/wp-content\/uploads\/usu342\/2022\/01\/Conc-DMJ-Gra\u0300cia-pl.-La-Sedeta-29-gen-724x1024.png 724w, https:\/\/agora.xtec.cat\/institutmontserratroig\/wp-content\/uploads\/usu342\/2022\/01\/Conc-DMJ-Gra\u0300cia-pl.-La-Sedeta-29-gen-212x300.png 212w, https:\/\/agora.xtec.cat\/institutmontserratroig\/wp-content\/uploads\/usu342\/2022\/01\/Conc-DMJ-Gra\u0300cia-pl.-La-Sedeta-29-gen-768x1086.png 768w, https:\/\/agora.xtec.cat\/institutmontserratroig\/wp-content\/uploads\/usu342\/2022\/01\/Conc-DMJ-Gra\u0300cia-pl.-La-Sedeta-29-gen.png 842w\" sizes=\"auto, (max-width: 283px) 100vw, 283px\" \/><\/a><\/td>\n<td style=\"text-align: center; border: none; width: 34%;\"><a href=\"https:\/\/agora.xtec.cat\/institutmontserratroig\/wp-content\/uploads\/usu342\/2022\/01\/Present-llibre-Xavier-Oller-1-feb.jpg\"><img loading=\"lazy\" decoding=\"async\" class=\"aligncenter wp-image-22572\" src=\"https:\/\/agora.xtec.cat\/institutmontserratroig\/wp-content\/uploads\/usu342\/2022\/01\/Present-llibre-Xavier-Oller-1-feb-724x1024.jpg\" alt=\"\" width=\"283\" height=\"400\" srcset=\"https:\/\/agora.xtec.cat\/institutmontserratroig\/wp-content\/uploads\/usu342\/2022\/01\/Present-llibre-Xavier-Oller-1-feb-724x1024.jpg 724w, https:\/\/agora.xtec.cat\/institutmontserratroig\/wp-content\/uploads\/usu342\/2022\/01\/Present-llibre-Xavier-Oller-1-feb-212x300.jpg 212w, https:\/\/agora.xtec.cat\/institutmontserratroig\/wp-content\/uploads\/usu342\/2022\/01\/Present-llibre-Xavier-Oller-1-feb-768x1086.jpg 768w, https:\/\/agora.xtec.cat\/institutmontserratroig\/wp-content\/uploads\/usu342\/2022\/01\/Present-llibre-Xavier-Oller-1-feb-1087x1536.jpg 1087w, https:\/\/agora.xtec.cat\/institutmontserratroig\/wp-content\/uploads\/usu342\/2022\/01\/Present-llibre-Xavier-Oller-1-feb-1449x2048.jpg 1449w, https:\/\/agora.xtec.cat\/institutmontserratroig\/wp-content\/uploads\/usu342\/2022\/01\/Present-llibre-Xavier-Oller-1-feb.jpg 1654w\" sizes=\"auto, (max-width: 283px) 100vw, 283px\" \/><\/a><\/td>\n<\/tr>\n<\/tbody>\n<tbody>\n<tr>\n<th style=\"text-align: center;\"><a href=\"https:\/\/drive.google.com\/file\/d\/1DjoB_oT03bAjRIe_MANHDypUgzfBWpVL\/view?usp=sharing\" target=\"_blank\" rel=\"noopener\">PDF<\/a><\/th>\n<th style=\"text-align: center;\"><\/th>\n<th style=\"text-align: center;\"><\/th>\n<\/tr>\n<\/tbody>\n<\/table>\n","protected":false},"excerpt":{"rendered":"<p>Us compartim el programa d&#8217;activitats del Centre C\u00edvic La Sedeta per aquest trimestre, de gener a mar\u00e7, per si \u00e9s del vostre inter\u00e8s.<br \/>\nDestacar tamb\u00e9 que el proper dimarts, 1 de febrer, a les 19 h, Xavier Oller Nogu\u00e9s, ve\u00ed del barri que va participar a&hellip;  <a href=\"https:\/\/agora.xtec.cat\/institutmontserratroig\/portada\/properes-activitats-al-centre-civic-la-sedeta\/\" title=\"Read Properes activitats al Centre C\u00edvic La Sedeta\">Llegeix m\u00e9s\u00bb<\/a><\/p>\n","protected":false},"author":1,"featured_media":22575,"comment_status":"open","ping_status":"closed","sticky":false,"template":"","format":"standard","meta":{"_bbp_topic_count":0,"_bbp_reply_count":0,"_bbp_total_topic_count":0,"_bbp_total_reply_count":0,"_bbp_voice_count":0,"_bbp_anonymous_reply_count":0,"_bbp_topic_count_hidden":0,"_bbp_reply_count_hidden":0,"_bbp_forum_subforum_count":0,"footnotes":""},"categories":[361,325,29],"tags":[],"class_list":["post-22569","post","type-post","status-publish","format-standard","has-post-thumbnail","hentry","category-curs-2021-22","category-ins-montserrat-roig","category-portada"],"post_mailing_queue_ids":[],"_links":{"self":[{"href":"https:\/\/agora.xtec.cat\/institutmontserratroig\/wp-json\/wp\/v2\/posts\/22569","targetHints":{"allow":["GET"]}}],"collection":[{"href":"https:\/\/agora.xtec.cat\/institutmontserratroig\/wp-json\/wp\/v2\/posts"}],"about":[{"href":"https:\/\/agora.xtec.cat\/institutmontserratroig\/wp-json\/wp\/v2\/types\/post"}],"author":[{"embeddable":true,"href":"https:\/\/agora.xtec.cat\/institutmontserratroig\/wp-json\/wp\/v2\/users\/1"}],"replies":[{"embeddable":true,"href":"https:\/\/agora.xtec.cat\/institutmontserratroig\/wp-json\/wp\/v2\/comments?post=22569"}],"version-history":[{"count":3,"href":"https:\/\/agora.xtec.cat\/institutmontserratroig\/wp-json\/wp\/v2\/posts\/22569\/revisions"}],"predecessor-version":[{"id":22576,"href":"https:\/\/agora.xtec.cat\/institutmontserratroig\/wp-json\/wp\/v2\/posts\/22569\/revisions\/22576"}],"wp:featuredmedia":[{"embeddable":true,"href":"https:\/\/agora.xtec.cat\/institutmontserratroig\/wp-json\/wp\/v2\/media\/22575"}],"wp:attachment":[{"href":"https:\/\/agora.xtec.cat\/institutmontserratroig\/wp-json\/wp\/v2\/media?parent=22569"}],"wp:term":[{"taxonomy":"category","embeddable":true,"href":"https:\/\/agora.xtec.cat\/institutmontserratroig\/wp-json\/wp\/v2\/categories?post=22569"},{"taxonomy":"post_tag","embeddable":true,"href":"https:\/\/agora.xtec.cat\/institutmontserratroig\/wp-json\/wp\/v2\/tags?post=22569"}],"curies":[{"name":"wp","href":"https:\/\/api.w.org\/{rel}","templated":true}]}}