{"id":22436,"date":"2021-12-24T17:43:27","date_gmt":"2021-12-24T16:43:27","guid":{"rendered":"https:\/\/agora.xtec.cat\/institutmontserratroig\/?p=22436"},"modified":"2021-12-24T18:23:12","modified_gmt":"2021-12-24T17:23:12","slug":"de-cami-a-la-fira-de-santa-llucia","status":"publish","type":"post","link":"https:\/\/agora.xtec.cat\/institutmontserratroig\/eso\/de-cami-a-la-fira-de-santa-llucia\/","title":{"rendered":"De cam\u00ed a la fira de santa Ll\u00facia"},"content":{"rendered":"<p><a href=\"https:\/\/agora.xtec.cat\/institutmontserratroig\/wp-content\/uploads\/usu342\/2021\/12\/WhatsApp-Image-2021-12-15-at-12.05.46.jpeg\"><img loading=\"lazy\" decoding=\"async\" class=\"size-large wp-image-22437 aligncenter\" src=\"https:\/\/agora.xtec.cat\/institutmontserratroig\/wp-content\/uploads\/usu342\/2021\/12\/WhatsApp-Image-2021-12-15-at-12.05.46-1024x768.jpeg\" alt=\"\" width=\"1024\" height=\"768\" srcset=\"https:\/\/agora.xtec.cat\/institutmontserratroig\/wp-content\/uploads\/usu342\/2021\/12\/WhatsApp-Image-2021-12-15-at-12.05.46-1024x768.jpeg 1024w, https:\/\/agora.xtec.cat\/institutmontserratroig\/wp-content\/uploads\/usu342\/2021\/12\/WhatsApp-Image-2021-12-15-at-12.05.46-300x225.jpeg 300w, https:\/\/agora.xtec.cat\/institutmontserratroig\/wp-content\/uploads\/usu342\/2021\/12\/WhatsApp-Image-2021-12-15-at-12.05.46-768x576.jpeg 768w, https:\/\/agora.xtec.cat\/institutmontserratroig\/wp-content\/uploads\/usu342\/2021\/12\/WhatsApp-Image-2021-12-15-at-12.05.46-1536x1152.jpeg 1536w, https:\/\/agora.xtec.cat\/institutmontserratroig\/wp-content\/uploads\/usu342\/2021\/12\/WhatsApp-Image-2021-12-15-at-12.05.46-200x150.jpeg 200w, https:\/\/agora.xtec.cat\/institutmontserratroig\/wp-content\/uploads\/usu342\/2021\/12\/WhatsApp-Image-2021-12-15-at-12.05.46.jpeg 2000w\" sizes=\"auto, (max-width: 1024px) 100vw, 1024px\" \/><\/a><\/p>\n<p style=\"text-align: justify;\">L&#8217;alumnat de l&#8217;aula d&#8217;acollida ha fet una passejada, l&#8217;\u00faltima setmana d&#8217;aquest trimestre, des de l&#8217;institut fins a la fira de santa Ll\u00facia. De cam\u00ed ens hem fet unes fotos davant d&#8217;alguns dels monuments m\u00e9s coneguts i visitats de Barcelona.<\/p>\n<h5 style=\"text-align: center;\"><a href=\"https:\/\/photos.app.goo.gl\/HVBGUfsURwGkT3xM8\" target=\"_blank\" rel=\"noopener\">M\u00e9s fotos de la passejada<\/a><\/h5>\n","protected":false},"excerpt":{"rendered":"<p><a href=\"https:\/\/agora.xtec.cat\/institutmontserratroig\/wp-content\/uploads\/usu342\/2021\/12\/WhatsApp-Image-2021-12-15-at-12.05.46.jpeg\"><\/a><br \/>\nL&#8217;alumnat de l&#8217;aula d&#8217;acollida ha fet una passejada, l&#8217;\u00faltima setmana d&#8217;aquest trimestre, des de l&#8217;institut fins a la fira de santa Ll\u00facia. De cam\u00ed ens hem fet unes fotos davant d&#8217;alguns dels monuments m\u00e9s coneguts i visitats de Barcelona.<br \/>\n<a href=\"https:\/\/photos.app.goo.gl\/HVBGUfsURwGkT3xM8\" target=\"_blank\" rel=\"noopener\">M\u00e9s fotos de&hellip;  <a href=\"https:\/\/agora.xtec.cat\/institutmontserratroig\/eso\/de-cami-a-la-fira-de-santa-llucia\/\" title=\"Read De cam\u00ed a la fira de santa Ll\u00facia\">Llegeix m\u00e9s\u00bb<\/a><\/p>\n","protected":false},"author":1,"featured_media":22437,"comment_status":"open","ping_status":"closed","sticky":false,"template":"","format":"standard","meta":{"_bbp_topic_count":0,"_bbp_reply_count":0,"_bbp_total_topic_count":0,"_bbp_total_reply_count":0,"_bbp_voice_count":0,"_bbp_anonymous_reply_count":0,"_bbp_topic_count_hidden":0,"_bbp_reply_count_hidden":0,"_bbp_forum_subforum_count":0,"footnotes":""},"categories":[65,361,3,325,29,260],"tags":[179],"class_list":["post-22436","post","type-post","status-publish","format-standard","has-post-thumbnail","hentry","category-aula-dacollida","category-curs-2021-22","category-eso","category-ins-montserrat-roig","category-portada","category-sortides-aa","tag-sortides"],"post_mailing_queue_ids":[],"_links":{"self":[{"href":"https:\/\/agora.xtec.cat\/institutmontserratroig\/wp-json\/wp\/v2\/posts\/22436","targetHints":{"allow":["GET"]}}],"collection":[{"href":"https:\/\/agora.xtec.cat\/institutmontserratroig\/wp-json\/wp\/v2\/posts"}],"about":[{"href":"https:\/\/agora.xtec.cat\/institutmontserratroig\/wp-json\/wp\/v2\/types\/post"}],"author":[{"embeddable":true,"href":"https:\/\/agora.xtec.cat\/institutmontserratroig\/wp-json\/wp\/v2\/users\/1"}],"replies":[{"embeddable":true,"href":"https:\/\/agora.xtec.cat\/institutmontserratroig\/wp-json\/wp\/v2\/comments?post=22436"}],"version-history":[{"count":2,"href":"https:\/\/agora.xtec.cat\/institutmontserratroig\/wp-json\/wp\/v2\/posts\/22436\/revisions"}],"predecessor-version":[{"id":22439,"href":"https:\/\/agora.xtec.cat\/institutmontserratroig\/wp-json\/wp\/v2\/posts\/22436\/revisions\/22439"}],"wp:featuredmedia":[{"embeddable":true,"href":"https:\/\/agora.xtec.cat\/institutmontserratroig\/wp-json\/wp\/v2\/media\/22437"}],"wp:attachment":[{"href":"https:\/\/agora.xtec.cat\/institutmontserratroig\/wp-json\/wp\/v2\/media?parent=22436"}],"wp:term":[{"taxonomy":"category","embeddable":true,"href":"https:\/\/agora.xtec.cat\/institutmontserratroig\/wp-json\/wp\/v2\/categories?post=22436"},{"taxonomy":"post_tag","embeddable":true,"href":"https:\/\/agora.xtec.cat\/institutmontserratroig\/wp-json\/wp\/v2\/tags?post=22436"}],"curies":[{"name":"wp","href":"https:\/\/api.w.org\/{rel}","templated":true}]}}