{"id":2227,"date":"2016-03-28T22:12:24","date_gmt":"2016-03-28T21:12:24","guid":{"rendered":"http:\/\/agora.xtec.cat\/institutmontserratroig\/?p=2227"},"modified":"2016-06-12T21:16:37","modified_gmt":"2016-06-12T20:16:37","slug":"praga","status":"publish","type":"post","link":"https:\/\/agora.xtec.cat\/institutmontserratroig\/portada\/praga\/","title":{"rendered":"Praga"},"content":{"rendered":"<p style=\"text-align: justify;\"><img loading=\"lazy\" decoding=\"async\" class=\" size-full wp-image-2229 aligncenter\" src=\"http:\/\/agora.xtec.cat\/institutmontserratroig\/wp-content\/uploads\/usu342\/2016\/04\/dsc_0512-praga-secretari-coloma-15-16.jpg\" alt=\"dsc_0512 praga secretari coloma 15-16\" width=\"648\" height=\"431\" srcset=\"https:\/\/agora.xtec.cat\/institutmontserratroig\/wp-content\/uploads\/usu342\/2016\/04\/dsc_0512-praga-secretari-coloma-15-16.jpg 648w, https:\/\/agora.xtec.cat\/institutmontserratroig\/wp-content\/uploads\/usu342\/2016\/04\/dsc_0512-praga-secretari-coloma-15-16-300x200.jpg 300w\" sizes=\"auto, (max-width: 648px) 100vw, 648px\" \/><\/p>\n<p style=\"text-align: justify;\">Finalment va ser Praga. Va costar decidir-se, per\u00f2 despr\u00e9s d\u2019unes quantes votacions i de sospesar pros i contres, els alumnes de 4t d\u2019ESO van acabar per votar Praga com a destinaci\u00f3 del seu viatge de final de curs. Sembla mentida com passa el temps, d\u2019aix\u00f2 ja fa uns quants mesos i ara tot just fa dues setmanes que embarc\u00e0vem a l\u2019aeroport del Prat cap a la Rep\u00fablica Txeca i nom\u00e9s en fa una que en vam tornar.<\/p>\n<p style=\"text-align: justify;\">L\u2019estada va ser curta per\u00f2 intensa. L\u2019oratge i la fortuna van propiciar uns dies espl\u00e8ndids a Praga. Vam camejar tota la ciutat, d\u2019una punta a una altra, tot i els renecs de qui es cansava massa d\u2019hora de regalar-se els ulls d\u2019estampes precioses: els ponts sobre el riu Moldava (Vtlava en txec), l\u2019skyline de la ciutat de capvespres m\u00e0gics, els carrerons del barri jueu i les casetes del Carrer\u00f3 de l\u2019Or, les cafeteries de pastissets impossibles i bombons de pecat o el soroll tranquil i quasi organitzat de la Pla\u00e7a Vella.<\/p>\n<p style=\"text-align: justify;\">Estem satisfets i segurs que el viatge ha contribu\u00eft a qu\u00e8 l\u2019alumnat aprengui. Sortir i voltar pel m\u00f3n sempre \u00e9s quelcom fruct\u00edfer, sempre \u00e9s gratificant i tot i que de vegades no es reconeixen els guanys, el pas del temps ens fa regirar-nos i recordar amb enyor, gratitud i tendresa que ahir a Praga i dem\u00e0 qui sap on ens vam fer una mica m\u00e9s humans.<\/p>\n<p>Sergi Barcel\u00f3<\/p>\n<p><img loading=\"lazy\" decoding=\"async\" class=\" size-full wp-image-2228 aligncenter\" src=\"http:\/\/agora.xtec.cat\/institutmontserratroig\/wp-content\/uploads\/usu342\/2016\/04\/dsc_0572-praga-secretari-coloma-15-16.jpg\" alt=\"dsc_0572 praga secretari coloma 15-16\" width=\"648\" height=\"431\" srcset=\"https:\/\/agora.xtec.cat\/institutmontserratroig\/wp-content\/uploads\/usu342\/2016\/04\/dsc_0572-praga-secretari-coloma-15-16.jpg 648w, https:\/\/agora.xtec.cat\/institutmontserratroig\/wp-content\/uploads\/usu342\/2016\/04\/dsc_0572-praga-secretari-coloma-15-16-300x200.jpg 300w\" sizes=\"auto, (max-width: 648px) 100vw, 648px\" \/><\/p>\n<h5 style=\"text-align: center;\"><a href=\"https:\/\/goo.gl\/photos\/MZ4wy44VtPfJ3XUv9\" target=\"_blank\">La resta de fotos aqu\u00ed<\/a><\/h5>\n","protected":false},"excerpt":{"rendered":"<p>Finalment va ser Praga. Va costar decidir-se, per\u00f2 despr\u00e9s d\u2019unes quantes votacions i de sospesar pros i contres, els alumnes de 4t d\u2019ESO van acabar per votar Praga com a destinaci\u00f3 del seu viatge de final de curs. Sembla mentida com passa el temps, d\u2019aix\u00f2&hellip;  <a href=\"https:\/\/agora.xtec.cat\/institutmontserratroig\/portada\/praga\/\" title=\"Read Praga\">Llegeix m\u00e9s\u00bb<\/a><\/p>\n","protected":false},"author":1,"featured_media":2229,"comment_status":"open","ping_status":"open","sticky":false,"template":"","format":"standard","meta":{"_bbp_topic_count":0,"_bbp_reply_count":0,"_bbp_total_topic_count":0,"_bbp_total_reply_count":0,"_bbp_voice_count":0,"_bbp_anonymous_reply_count":0,"_bbp_topic_count_hidden":0,"_bbp_reply_count_hidden":0,"_bbp_forum_subforum_count":0,"footnotes":""},"categories":[62,86,29,91],"tags":[127],"class_list":["post-2227","post","type-post","status-publish","format-standard","has-post-thumbnail","hentry","category-curs-2015-16","category-eso-4","category-portada","category-viatges","tag-praga"],"post_mailing_queue_ids":[],"_links":{"self":[{"href":"https:\/\/agora.xtec.cat\/institutmontserratroig\/wp-json\/wp\/v2\/posts\/2227","targetHints":{"allow":["GET"]}}],"collection":[{"href":"https:\/\/agora.xtec.cat\/institutmontserratroig\/wp-json\/wp\/v2\/posts"}],"about":[{"href":"https:\/\/agora.xtec.cat\/institutmontserratroig\/wp-json\/wp\/v2\/types\/post"}],"author":[{"embeddable":true,"href":"https:\/\/agora.xtec.cat\/institutmontserratroig\/wp-json\/wp\/v2\/users\/1"}],"replies":[{"embeddable":true,"href":"https:\/\/agora.xtec.cat\/institutmontserratroig\/wp-json\/wp\/v2\/comments?post=2227"}],"version-history":[{"count":3,"href":"https:\/\/agora.xtec.cat\/institutmontserratroig\/wp-json\/wp\/v2\/posts\/2227\/revisions"}],"predecessor-version":[{"id":3116,"href":"https:\/\/agora.xtec.cat\/institutmontserratroig\/wp-json\/wp\/v2\/posts\/2227\/revisions\/3116"}],"wp:featuredmedia":[{"embeddable":true,"href":"https:\/\/agora.xtec.cat\/institutmontserratroig\/wp-json\/wp\/v2\/media\/2229"}],"wp:attachment":[{"href":"https:\/\/agora.xtec.cat\/institutmontserratroig\/wp-json\/wp\/v2\/media?parent=2227"}],"wp:term":[{"taxonomy":"category","embeddable":true,"href":"https:\/\/agora.xtec.cat\/institutmontserratroig\/wp-json\/wp\/v2\/categories?post=2227"},{"taxonomy":"post_tag","embeddable":true,"href":"https:\/\/agora.xtec.cat\/institutmontserratroig\/wp-json\/wp\/v2\/tags?post=2227"}],"curies":[{"name":"wp","href":"https:\/\/api.w.org\/{rel}","templated":true}]}}