{"id":21254,"date":"2021-07-01T16:24:22","date_gmt":"2021-07-01T14:24:22","guid":{"rendered":"https:\/\/agora.xtec.cat\/institutmontserratroig\/?p=21254"},"modified":"2021-08-31T18:35:58","modified_gmt":"2021-08-31T16:35:58","slug":"canvis-en-el-servei-de-menjador","status":"publish","type":"post","link":"https:\/\/agora.xtec.cat\/institutmontserratroig\/portada\/canvis-en-el-servei-de-menjador\/","title":{"rendered":"Canvis en el servei de menjador"},"content":{"rendered":"<p style=\"text-align: justify;\">Benvolgudes fam\u00edlies,<\/p>\n<p style=\"text-align: justify;\">Els informem que el 13 de setembre de 2021 comen\u00e7ar\u00e0 el servei de menjador. Enguany hem fet un canvi amb l&#8217;empresa que gestiona el servei. L&#8217;empresa encarregada de la gesti\u00f3 de la cuina \u00e9s <a href=\"https:\/\/www.corerestauracio.es\/catal%C3%A0\/core-restauraci%C3%B3\/\" target=\"_blank\" rel=\"noopener noreferrer\">Core Restauraci\u00f3<\/a> i la que s\u2019encarregar\u00e0 de gestionar el monitoratge \u00e9s Abac Serveis Pedag\u00f2gics.<\/p>\n<table style=\"width: 100%; border: none;\">\n<tbody>\n<tr>\n<td style=\"text-align: center; border: none; width: 50%;\">\n<h5 style=\"text-align: right;\"><a href=\"https:\/\/agora.xtec.cat\/institutmontserratroig\/categoria\/afa\/comissio-de-menjador\/\">Per al bon funcionament del servei, consulteu aqu\u00ed la normativa<\/a><\/h5>\n<\/td>\n<td style=\"text-align: left; border: none; width: 50%;\"><a href=\"https:\/\/agora.xtec.cat\/institutmontserratroig\/categoria\/afa\/comissio-de-menjador\/\"><img loading=\"lazy\" decoding=\"async\" class=\"wp-image-6471 alignleft\" src=\"https:\/\/agora.xtec.cat\/institutmontserratroig\/wp-content\/uploads\/usu342\/2017\/03\/logo-informacio-transparent.png\" alt=\"\" width=\"75\" height=\"75\" srcset=\"https:\/\/agora.xtec.cat\/institutmontserratroig\/wp-content\/uploads\/usu342\/2017\/03\/logo-informacio-transparent.png 300w, https:\/\/agora.xtec.cat\/institutmontserratroig\/wp-content\/uploads\/usu342\/2017\/03\/logo-informacio-transparent-150x150.png 150w\" sizes=\"auto, (max-width: 75px) 100vw, 75px\" \/><\/a><\/td>\n<\/tr>\n<\/tbody>\n<\/table>\n","protected":false},"excerpt":{"rendered":"<p>Benvolgudes fam\u00edlies,<br \/>\nEls informem que el 13 de setembre de 2021 comen\u00e7ar\u00e0 el servei de menjador. Enguany hem fet un canvi amb l&#8217;empresa que gestiona el servei. L&#8217;empresa encarregada de la gesti\u00f3 de la cuina \u00e9s <a href=\"https:\/\/www.corerestauracio.es\/catal%C3%A0\/core-restauraci%C3%B3\/\" target=\"_blank\" rel=\"noopener noreferrer\">Core Restauraci\u00f3<\/a> i la que s\u2019encarregar\u00e0&hellip;  <a href=\"https:\/\/agora.xtec.cat\/institutmontserratroig\/portada\/canvis-en-el-servei-de-menjador\/\" title=\"Read Canvis en el servei de menjador\">Llegeix m\u00e9s\u00bb<\/a><\/p>\n","protected":false},"author":1,"featured_media":21256,"comment_status":"open","ping_status":"closed","sticky":false,"template":"","format":"standard","meta":{"_bbp_topic_count":0,"_bbp_reply_count":0,"_bbp_total_topic_count":0,"_bbp_total_reply_count":0,"_bbp_voice_count":0,"_bbp_anonymous_reply_count":0,"_bbp_topic_count_hidden":0,"_bbp_reply_count_hidden":0,"_bbp_forum_subforum_count":0,"footnotes":""},"categories":[157,343,29],"tags":[],"class_list":["post-21254","post","type-post","status-publish","format-standard","has-post-thumbnail","hentry","category-afa","category-curs-2020-21","category-portada"],"post_mailing_queue_ids":[],"_links":{"self":[{"href":"https:\/\/agora.xtec.cat\/institutmontserratroig\/wp-json\/wp\/v2\/posts\/21254","targetHints":{"allow":["GET"]}}],"collection":[{"href":"https:\/\/agora.xtec.cat\/institutmontserratroig\/wp-json\/wp\/v2\/posts"}],"about":[{"href":"https:\/\/agora.xtec.cat\/institutmontserratroig\/wp-json\/wp\/v2\/types\/post"}],"author":[{"embeddable":true,"href":"https:\/\/agora.xtec.cat\/institutmontserratroig\/wp-json\/wp\/v2\/users\/1"}],"replies":[{"embeddable":true,"href":"https:\/\/agora.xtec.cat\/institutmontserratroig\/wp-json\/wp\/v2\/comments?post=21254"}],"version-history":[{"count":3,"href":"https:\/\/agora.xtec.cat\/institutmontserratroig\/wp-json\/wp\/v2\/posts\/21254\/revisions"}],"predecessor-version":[{"id":21391,"href":"https:\/\/agora.xtec.cat\/institutmontserratroig\/wp-json\/wp\/v2\/posts\/21254\/revisions\/21391"}],"wp:featuredmedia":[{"embeddable":true,"href":"https:\/\/agora.xtec.cat\/institutmontserratroig\/wp-json\/wp\/v2\/media\/21256"}],"wp:attachment":[{"href":"https:\/\/agora.xtec.cat\/institutmontserratroig\/wp-json\/wp\/v2\/media?parent=21254"}],"wp:term":[{"taxonomy":"category","embeddable":true,"href":"https:\/\/agora.xtec.cat\/institutmontserratroig\/wp-json\/wp\/v2\/categories?post=21254"},{"taxonomy":"post_tag","embeddable":true,"href":"https:\/\/agora.xtec.cat\/institutmontserratroig\/wp-json\/wp\/v2\/tags?post=21254"}],"curies":[{"name":"wp","href":"https:\/\/api.w.org\/{rel}","templated":true}]}}