{"id":21083,"date":"2021-06-08T14:30:58","date_gmt":"2021-06-08T12:30:58","guid":{"rendered":"https:\/\/agora.xtec.cat\/institutmontserratroig\/?p=21083"},"modified":"2021-06-08T14:30:58","modified_gmt":"2021-06-08T12:30:58","slug":"iniciacio-al-dibuix-artistic","status":"publish","type":"post","link":"https:\/\/agora.xtec.cat\/institutmontserratroig\/portada\/iniciacio-al-dibuix-artistic\/","title":{"rendered":"Iniciaci\u00f3 al dibuix art\u00edstic"},"content":{"rendered":"<p style=\"text-align: justify;\">Els alumnes d&#8217;iniciaci\u00f3 al dibuix art\u00edstic de 2n d&#8217;ESO acaben el curs amb unes produccions sorprenents. En iniciar l&#8217;optativa, no s&#8217;imaginaven que serien capa\u00e7os d&#8217;aconseguir tot el que han fet. Despr\u00e9s d&#8217;hores de pr\u00e0ctica, han entrenat la seva mirada i la seva m\u00e0 i s&#8217;han familiaritzat amb els fonaments del dibuix i amb la t\u00e8cnica del carbonet.<\/p>\n<p style=\"text-align: justify;\">Alguns, fins i tot, han descobert un talent que desconeixien. Sens dubte, els animem a continuar dibuixant!<\/p>\n<p style=\"text-align: justify;\">El Sebas i el Yi Jun ens mostren, orgullosos, el seu darrer dibuix. Quins grans artistes!<\/p>\n<p><a href=\"https:\/\/agora.xtec.cat\/institutmontserratroig\/wp-content\/uploads\/usu342\/2021\/06\/Foto-iniciacio-dibuix-artistic-2021.jpg\"><img loading=\"lazy\" decoding=\"async\" class=\"size-large wp-image-21084 aligncenter\" src=\"https:\/\/agora.xtec.cat\/institutmontserratroig\/wp-content\/uploads\/usu342\/2021\/06\/Foto-iniciacio-dibuix-artistic-2021-1024x768.jpg\" alt=\"\" width=\"1024\" height=\"768\" srcset=\"https:\/\/agora.xtec.cat\/institutmontserratroig\/wp-content\/uploads\/usu342\/2021\/06\/Foto-iniciacio-dibuix-artistic-2021-1024x768.jpg 1024w, https:\/\/agora.xtec.cat\/institutmontserratroig\/wp-content\/uploads\/usu342\/2021\/06\/Foto-iniciacio-dibuix-artistic-2021-300x225.jpg 300w, https:\/\/agora.xtec.cat\/institutmontserratroig\/wp-content\/uploads\/usu342\/2021\/06\/Foto-iniciacio-dibuix-artistic-2021-768x576.jpg 768w, https:\/\/agora.xtec.cat\/institutmontserratroig\/wp-content\/uploads\/usu342\/2021\/06\/Foto-iniciacio-dibuix-artistic-2021-200x150.jpg 200w, https:\/\/agora.xtec.cat\/institutmontserratroig\/wp-content\/uploads\/usu342\/2021\/06\/Foto-iniciacio-dibuix-artistic-2021.jpg 1240w\" sizes=\"auto, (max-width: 1024px) 100vw, 1024px\" \/><\/a><\/p>\n","protected":false},"excerpt":{"rendered":"<p>Els alumnes d&#8217;iniciaci\u00f3 al dibuix art\u00edstic de 2n d&#8217;ESO acaben el curs amb unes produccions sorprenents. En iniciar l&#8217;optativa, no s&#8217;imaginaven que serien capa\u00e7os d&#8217;aconseguir tot el que han fet. Despr\u00e9s d&#8217;hores de pr\u00e0ctica, han entrenat la seva mirada i la seva m\u00e0 i s&#8217;han&hellip;  <a href=\"https:\/\/agora.xtec.cat\/institutmontserratroig\/portada\/iniciacio-al-dibuix-artistic\/\" title=\"Read Iniciaci\u00f3 al dibuix art\u00edstic\">Llegeix m\u00e9s\u00bb<\/a><\/p>\n","protected":false},"author":1,"featured_media":21084,"comment_status":"open","ping_status":"closed","sticky":false,"template":"","format":"standard","meta":{"_bbp_topic_count":0,"_bbp_reply_count":0,"_bbp_total_topic_count":0,"_bbp_total_reply_count":0,"_bbp_voice_count":0,"_bbp_anonymous_reply_count":0,"_bbp_topic_count_hidden":0,"_bbp_reply_count_hidden":0,"_bbp_forum_subforum_count":0,"footnotes":""},"categories":[343,101,84,325,29],"tags":[289],"class_list":["post-21083","post","type-post","status-publish","format-standard","has-post-thumbnail","hentry","category-curs-2020-21","category-educacio-visual-i-plastica","category-eso-2","category-ins-montserrat-roig","category-portada","tag-activitats-daula"],"post_mailing_queue_ids":[],"_links":{"self":[{"href":"https:\/\/agora.xtec.cat\/institutmontserratroig\/wp-json\/wp\/v2\/posts\/21083","targetHints":{"allow":["GET"]}}],"collection":[{"href":"https:\/\/agora.xtec.cat\/institutmontserratroig\/wp-json\/wp\/v2\/posts"}],"about":[{"href":"https:\/\/agora.xtec.cat\/institutmontserratroig\/wp-json\/wp\/v2\/types\/post"}],"author":[{"embeddable":true,"href":"https:\/\/agora.xtec.cat\/institutmontserratroig\/wp-json\/wp\/v2\/users\/1"}],"replies":[{"embeddable":true,"href":"https:\/\/agora.xtec.cat\/institutmontserratroig\/wp-json\/wp\/v2\/comments?post=21083"}],"version-history":[{"count":1,"href":"https:\/\/agora.xtec.cat\/institutmontserratroig\/wp-json\/wp\/v2\/posts\/21083\/revisions"}],"predecessor-version":[{"id":21085,"href":"https:\/\/agora.xtec.cat\/institutmontserratroig\/wp-json\/wp\/v2\/posts\/21083\/revisions\/21085"}],"wp:featuredmedia":[{"embeddable":true,"href":"https:\/\/agora.xtec.cat\/institutmontserratroig\/wp-json\/wp\/v2\/media\/21084"}],"wp:attachment":[{"href":"https:\/\/agora.xtec.cat\/institutmontserratroig\/wp-json\/wp\/v2\/media?parent=21083"}],"wp:term":[{"taxonomy":"category","embeddable":true,"href":"https:\/\/agora.xtec.cat\/institutmontserratroig\/wp-json\/wp\/v2\/categories?post=21083"},{"taxonomy":"post_tag","embeddable":true,"href":"https:\/\/agora.xtec.cat\/institutmontserratroig\/wp-json\/wp\/v2\/tags?post=21083"}],"curies":[{"name":"wp","href":"https:\/\/api.w.org\/{rel}","templated":true}]}}