{"id":21073,"date":"2021-06-03T23:35:47","date_gmt":"2021-06-03T21:35:47","guid":{"rendered":"https:\/\/agora.xtec.cat\/institutmontserratroig\/?p=21073"},"modified":"2021-06-03T23:35:47","modified_gmt":"2021-06-03T21:35:47","slug":"corpus-la-festa-de-les-festes","status":"publish","type":"post","link":"https:\/\/agora.xtec.cat\/institutmontserratroig\/portada\/corpus-la-festa-de-les-festes\/","title":{"rendered":"Corpus, &#8220;la festa de les festes&#8221;"},"content":{"rendered":"<p><a href=\"https:\/\/agora.xtec.cat\/institutmontserratroig\/wp-content\/uploads\/usu342\/2021\/06\/foto-festa-corpus.jpg\"><img loading=\"lazy\" decoding=\"async\" class=\"aligncenter wp-image-21074\" src=\"https:\/\/agora.xtec.cat\/institutmontserratroig\/wp-content\/uploads\/usu342\/2021\/06\/foto-festa-corpus-1024x819.jpg\" alt=\"\" width=\"800\" height=\"640\" srcset=\"https:\/\/agora.xtec.cat\/institutmontserratroig\/wp-content\/uploads\/usu342\/2021\/06\/foto-festa-corpus-1024x819.jpg 1024w, https:\/\/agora.xtec.cat\/institutmontserratroig\/wp-content\/uploads\/usu342\/2021\/06\/foto-festa-corpus-300x240.jpg 300w, https:\/\/agora.xtec.cat\/institutmontserratroig\/wp-content\/uploads\/usu342\/2021\/06\/foto-festa-corpus-768x614.jpg 768w, https:\/\/agora.xtec.cat\/institutmontserratroig\/wp-content\/uploads\/usu342\/2021\/06\/foto-festa-corpus.jpg 1476w\" sizes=\"auto, (max-width: 800px) 100vw, 800px\" \/><\/a><\/p>\n<p style=\"text-align: justify;\">Enguany se celebren els 700 anys de la que s&#8217;ha anomenat &#8220;festa de festes&#8221;, i que se celebra el dijous seg\u00fcent a l&#8217;octava de Pentecosta.<\/p>\n<p style=\"text-align: justify;\">D&#8217;acord amb el calendari lunisolar, Corpus el fixa la darrera lluna plena de primavera, i coincideix amb l&#8217;esclat de la primavera i les primeres calors de l&#8217;estiu. Per aquest aniversari s&#8217;han programat exposicions, ballades, confer\u00e8ncies, concerts, espectacles i, com no podia ser d&#8217;altra manera, els actes m\u00e9s esperats: les catifes de flors, les desfilades dels entremesos i l&#8217;ou com balla. Est\u00e0 previst que el Corpus de Barcelona sigui declarat com a Festa Patrimonial d&#8217;Inter\u00e8s Nacional.<\/p>\n<p style=\"text-align: justify;\"><strong>L&#8217;ou com balla, el rei de la festa<\/strong><\/p>\n<p style=\"text-align: justify;\">Aquest any, se&#8217;n podran trobar m\u00e9s que mai: a la Catedral, a l\u2019Arxiu de la Corona d\u2019Arag\u00f3 al Palau del Lloctinent, a l\u2019Arxiu Hist\u00f2ric \u2013 Casa de l\u2019Ardiaca, a l\u2019Ateneu Barcelon\u00e8s, a la Capitania General, a la Reial Acad\u00e8mia de Bones Lletres, als jardins de Rubi\u00f3 i Lluch, al Museu Frederic Mar\u00e8s, al Museu Mar\u00edtim, al Museu Etnol\u00f2gic i de les Cultures del M\u00f3n situat al Palau dels Marquesos de Lli\u00f3, al Centre C\u00edvic Can Deu, a l\u2019Oratori de Sant Felip Neri, a les parr\u00f2quies de Santa Anna, de la Pur\u00edssima Concepci\u00f3 i de Santa Maria del Taulat, a la pla\u00e7a de la Virreina, al Monestir de Pedralbes i al Taller Sant Camil del Guinard\u00f3. Seguir la ruta dels ous com balla pot ser l&#8217;oportunitat de descobrir edificis emblem\u00e0tics generalment tancats al p\u00fablic.<\/p>\n<p>_______________________________________________________<br \/>\nFont: <a href=\"https:\/\/www.elnacional.cat\/ca\/cultura\/torna-corpus-ous-balla-mai_615722_102.html\" target=\"_blank\" rel=\"noopener noreferrer\">Tot el que has de saber de Corpus abans d&#8217;anar a veure l&#8217;ou com balla<\/a><\/p>\n","protected":false},"excerpt":{"rendered":"<p><a href=\"https:\/\/agora.xtec.cat\/institutmontserratroig\/wp-content\/uploads\/usu342\/2021\/06\/foto-festa-corpus.jpg\"><\/a><br \/>\nEnguany se celebren els 700 anys de la que s&#8217;ha anomenat &#8220;festa de festes&#8221;, i que se celebra el dijous seg\u00fcent a l&#8217;octava de Pentecosta.<br \/>\nD&#8217;acord amb el calendari lunisolar, Corpus el fixa la darrera lluna plena de primavera, i coincideix amb l&#8217;esclat de la&hellip;  <a href=\"https:\/\/agora.xtec.cat\/institutmontserratroig\/portada\/corpus-la-festa-de-les-festes\/\" title=\"Read Corpus, &#8220;la festa de les festes&#8221;\">Llegeix m\u00e9s\u00bb<\/a><\/p>\n","protected":false},"author":1,"featured_media":21074,"comment_status":"open","ping_status":"closed","sticky":false,"template":"","format":"standard","meta":{"_bbp_topic_count":0,"_bbp_reply_count":0,"_bbp_total_topic_count":0,"_bbp_total_reply_count":0,"_bbp_voice_count":0,"_bbp_anonymous_reply_count":0,"_bbp_topic_count_hidden":0,"_bbp_reply_count_hidden":0,"_bbp_forum_subforum_count":0,"footnotes":""},"categories":[343,325,29],"tags":[],"class_list":["post-21073","post","type-post","status-publish","format-standard","has-post-thumbnail","hentry","category-curs-2020-21","category-ins-montserrat-roig","category-portada"],"post_mailing_queue_ids":[],"_links":{"self":[{"href":"https:\/\/agora.xtec.cat\/institutmontserratroig\/wp-json\/wp\/v2\/posts\/21073","targetHints":{"allow":["GET"]}}],"collection":[{"href":"https:\/\/agora.xtec.cat\/institutmontserratroig\/wp-json\/wp\/v2\/posts"}],"about":[{"href":"https:\/\/agora.xtec.cat\/institutmontserratroig\/wp-json\/wp\/v2\/types\/post"}],"author":[{"embeddable":true,"href":"https:\/\/agora.xtec.cat\/institutmontserratroig\/wp-json\/wp\/v2\/users\/1"}],"replies":[{"embeddable":true,"href":"https:\/\/agora.xtec.cat\/institutmontserratroig\/wp-json\/wp\/v2\/comments?post=21073"}],"version-history":[{"count":1,"href":"https:\/\/agora.xtec.cat\/institutmontserratroig\/wp-json\/wp\/v2\/posts\/21073\/revisions"}],"predecessor-version":[{"id":21075,"href":"https:\/\/agora.xtec.cat\/institutmontserratroig\/wp-json\/wp\/v2\/posts\/21073\/revisions\/21075"}],"wp:featuredmedia":[{"embeddable":true,"href":"https:\/\/agora.xtec.cat\/institutmontserratroig\/wp-json\/wp\/v2\/media\/21074"}],"wp:attachment":[{"href":"https:\/\/agora.xtec.cat\/institutmontserratroig\/wp-json\/wp\/v2\/media?parent=21073"}],"wp:term":[{"taxonomy":"category","embeddable":true,"href":"https:\/\/agora.xtec.cat\/institutmontserratroig\/wp-json\/wp\/v2\/categories?post=21073"},{"taxonomy":"post_tag","embeddable":true,"href":"https:\/\/agora.xtec.cat\/institutmontserratroig\/wp-json\/wp\/v2\/tags?post=21073"}],"curies":[{"name":"wp","href":"https:\/\/api.w.org\/{rel}","templated":true}]}}