{"id":20304,"date":"2021-02-20T15:13:22","date_gmt":"2021-02-20T14:13:22","guid":{"rendered":"https:\/\/agora.xtec.cat\/institutmontserratroig\/?p=20304"},"modified":"2021-02-21T18:53:09","modified_gmt":"2021-02-21T17:53:09","slug":"nou-web-de-la-preinscripcio","status":"publish","type":"post","link":"https:\/\/agora.xtec.cat\/institutmontserratroig\/ins-montserrat-roig\/nou-web-de-la-preinscripcio\/","title":{"rendered":"Nou web de la preinscripci\u00f3"},"content":{"rendered":"<p><a href=\"https:\/\/preinscripcio.gencat.cat\/ca\/inici\/\" target=\"_blank\" rel=\"noopener noreferrer\"><img loading=\"lazy\" decoding=\"async\" class=\"size-full wp-image-20305 aligncenter\" src=\"https:\/\/agora.xtec.cat\/institutmontserratroig\/wp-content\/uploads\/usu342\/2021\/02\/Captura-de-Pantalla-2021-02-20-a-les-15.08.17.png\" alt=\"\" width=\"424\" height=\"74\" srcset=\"https:\/\/agora.xtec.cat\/institutmontserratroig\/wp-content\/uploads\/usu342\/2021\/02\/Captura-de-Pantalla-2021-02-20-a-les-15.08.17.png 424w, https:\/\/agora.xtec.cat\/institutmontserratroig\/wp-content\/uploads\/usu342\/2021\/02\/Captura-de-Pantalla-2021-02-20-a-les-15.08.17-300x52.png 300w\" sizes=\"auto, (max-width: 424px) 100vw, 424px\" \/><\/a><\/p>\n<p style=\"text-align: justify;\">Avui el Departament d&#8217;Educaci\u00f3 posa en marxa el nou web <a href=\"https:\/\/preinscripcio.gencat.cat\/ca\/inici\/\" target=\"_blank\" rel=\"noopener noreferrer\">preinscripcio.gencat.cat<\/a>, que neix de la voluntat d\u2019acompanyar millor les fam\u00edlies durant el proc\u00e9s de preinscripci\u00f3 2021-2022 als ensenyaments obligatoris. Aquest nou portal tem\u00e0tic veu la llum en el context de pand\u00e8mia per la covid-19 i permetr\u00e0 donar suport en la tramitaci\u00f3 telem\u00e0tica de la preinscripci\u00f3.<\/p>\n<p>El nou web \u00e9s responsiu i, per tant, es pot consultar des de qualsevol dispositiu m\u00f2bil. Aquest portal presenta els continguts redactats en un llenguatge planer i inclou un ampli centre de suport per a cadascun dels estudis. En aquest espai es poden trobar podcasts, v\u00eddeos, un glossari i tamb\u00e9 un ampli apartat de preguntes m\u00e9s freq\u00fcents, on es dona resposta als dubtes que es plantegen les fam\u00edlies m\u00e9s sovint a l\u2019hora de formalitzar la preinscripci\u00f3 dels seus fills i filles.<\/p>\n<p style=\"text-align: justify;\">A m\u00e9s, incorpora al men\u00fa superior un bot\u00f3 de traducci\u00f3 autom\u00e0tica, que permet navegar per tot el web en catal\u00e0, castell\u00e0, occit\u00e0-aran\u00e8s, angl\u00e8s, franc\u00e8s, itali\u00e0, portugu\u00e8s i alemany.<\/p>\n<p style=\"text-align: justify;\">Fins ara tota aquesta informaci\u00f3 estava integrada en el web <a href=\"http:\/\/queestudiar.gencat.cat\/ca\/index.html\" target=\"_blank\" rel=\"noopener noreferrer\">Estudiar a Catalunya<\/a>, que est\u00e0 en proc\u00e9s de redisseny i reconceptualitzaci\u00f3 total per al primer trimestre de 2022.<\/p>\n","protected":false},"excerpt":{"rendered":"<p><a href=\"https:\/\/preinscripcio.gencat.cat\/ca\/inici\/\" target=\"_blank\" rel=\"noopener noreferrer\"><\/a><br \/>\nAvui el Departament d&#8217;Educaci\u00f3 posa en marxa el nou web <a href=\"https:\/\/preinscripcio.gencat.cat\/ca\/inici\/\" target=\"_blank\" rel=\"noopener noreferrer\">preinscripcio.gencat.cat<\/a>, que neix de la voluntat d\u2019acompanyar millor les fam\u00edlies durant el proc\u00e9s de preinscripci\u00f3 2021-2022 als ensenyaments obligatoris. Aquest nou portal tem\u00e0tic veu la llum en&hellip;  <a href=\"https:\/\/agora.xtec.cat\/institutmontserratroig\/ins-montserrat-roig\/nou-web-de-la-preinscripcio\/\" title=\"Read Nou web de la preinscripci\u00f3\">Llegeix m\u00e9s\u00bb<\/a><\/p>\n","protected":false},"author":1,"featured_media":20305,"comment_status":"open","ping_status":"closed","sticky":false,"template":"","format":"standard","meta":{"_bbp_topic_count":0,"_bbp_reply_count":0,"_bbp_total_topic_count":0,"_bbp_total_reply_count":0,"_bbp_voice_count":0,"_bbp_anonymous_reply_count":0,"_bbp_topic_count_hidden":0,"_bbp_reply_count_hidden":0,"_bbp_forum_subforum_count":0,"footnotes":""},"categories":[343,325],"tags":[177],"class_list":["post-20304","post","type-post","status-publish","format-standard","has-post-thumbnail","hentry","category-curs-2020-21","category-ins-montserrat-roig","tag-informacio-centre"],"post_mailing_queue_ids":[],"_links":{"self":[{"href":"https:\/\/agora.xtec.cat\/institutmontserratroig\/wp-json\/wp\/v2\/posts\/20304","targetHints":{"allow":["GET"]}}],"collection":[{"href":"https:\/\/agora.xtec.cat\/institutmontserratroig\/wp-json\/wp\/v2\/posts"}],"about":[{"href":"https:\/\/agora.xtec.cat\/institutmontserratroig\/wp-json\/wp\/v2\/types\/post"}],"author":[{"embeddable":true,"href":"https:\/\/agora.xtec.cat\/institutmontserratroig\/wp-json\/wp\/v2\/users\/1"}],"replies":[{"embeddable":true,"href":"https:\/\/agora.xtec.cat\/institutmontserratroig\/wp-json\/wp\/v2\/comments?post=20304"}],"version-history":[{"count":3,"href":"https:\/\/agora.xtec.cat\/institutmontserratroig\/wp-json\/wp\/v2\/posts\/20304\/revisions"}],"predecessor-version":[{"id":20322,"href":"https:\/\/agora.xtec.cat\/institutmontserratroig\/wp-json\/wp\/v2\/posts\/20304\/revisions\/20322"}],"wp:featuredmedia":[{"embeddable":true,"href":"https:\/\/agora.xtec.cat\/institutmontserratroig\/wp-json\/wp\/v2\/media\/20305"}],"wp:attachment":[{"href":"https:\/\/agora.xtec.cat\/institutmontserratroig\/wp-json\/wp\/v2\/media?parent=20304"}],"wp:term":[{"taxonomy":"category","embeddable":true,"href":"https:\/\/agora.xtec.cat\/institutmontserratroig\/wp-json\/wp\/v2\/categories?post=20304"},{"taxonomy":"post_tag","embeddable":true,"href":"https:\/\/agora.xtec.cat\/institutmontserratroig\/wp-json\/wp\/v2\/tags?post=20304"}],"curies":[{"name":"wp","href":"https:\/\/api.w.org\/{rel}","templated":true}]}}