{"id":20003,"date":"2020-12-22T20:49:30","date_gmt":"2020-12-22T19:49:30","guid":{"rendered":"https:\/\/agora.xtec.cat\/institutmontserratroig\/?p=20003"},"modified":"2021-12-17T22:37:04","modified_gmt":"2021-12-17T21:37:04","slug":"activitats-de-cloenda-del-primer-trimestre","status":"publish","type":"post","link":"https:\/\/agora.xtec.cat\/institutmontserratroig\/eso\/activitats-de-cloenda-del-primer-trimestre\/","title":{"rendered":"Activitats de cloenda del primer trimestre"},"content":{"rendered":"<p style=\"text-align: justify;\">El dilluns 21, mentre l&#8217;alumnat de batxillerat seguia amb el seu horari lectiu setmanal, la resta del centre va celebrar la Festa d&#8217;hivern participant en les <a href=\"https:\/\/agora.xtec.cat\/institutmontserratroig\/portada\/cartell-i-programa-de-la-festa-dhivern\/\">activitats programades<\/a> per a despr\u00e9s del lliurament de les notes.<\/p>\n<p style=\"text-align: justify;\">Destaquem, d&#8217;entre les diverses opcions escollides pels tutors\/es i alumnes, la dedicada a <a href=\"https:\/\/agora.xtec.cat\/institutmontserratroig\/eso\/fem-postals-de-nadal-per-a-la-gent-gran\/\">fer postals de Nadal per a la gent gran<\/a>. El mateix dilluns ja s&#8217;havien fet arribar a la seva destinaci\u00f3 i ben segur que portaran una miqueta m\u00e9s d&#8217;alegria i esperit nadalenc a molts dels nostres avis i \u00e0vies del barri.<\/p>\n<p style=\"text-align: justify;\">Va anar for\u00e7a b\u00e9, per\u00f2 hem de dir que vam trobar a faltar les actuacions musicals que tradicionalment compart\u00edem a la sala d&#8217;actes i que sempre s\u00f3n una aut\u00e8ntica mostra dels talents i capacitats dels nostres alumnes. Hi comptem per la Festa d&#8217;hivern del 2021!<\/p>\n<table style=\"width: 100%; border: none;\">\n<tbody>\n<tr>\n<td style=\"text-align: center; border: none;\"><a href=\"https:\/\/agora.xtec.cat\/institutmontserratroig\/wp-content\/uploads\/usu342\/2020\/12\/1608715921469.jpg\"><img loading=\"lazy\" decoding=\"async\" class=\"aligncenter wp-image-20009\" src=\"https:\/\/agora.xtec.cat\/institutmontserratroig\/wp-content\/uploads\/usu342\/2020\/12\/1608715921469-1024x768.jpg\" alt=\"\" width=\"600\" height=\"450\" srcset=\"https:\/\/agora.xtec.cat\/institutmontserratroig\/wp-content\/uploads\/usu342\/2020\/12\/1608715921469-1024x768.jpg 1024w, https:\/\/agora.xtec.cat\/institutmontserratroig\/wp-content\/uploads\/usu342\/2020\/12\/1608715921469-300x225.jpg 300w, https:\/\/agora.xtec.cat\/institutmontserratroig\/wp-content\/uploads\/usu342\/2020\/12\/1608715921469-768x576.jpg 768w, https:\/\/agora.xtec.cat\/institutmontserratroig\/wp-content\/uploads\/usu342\/2020\/12\/1608715921469-200x150.jpg 200w, https:\/\/agora.xtec.cat\/institutmontserratroig\/wp-content\/uploads\/usu342\/2020\/12\/1608715921469.jpg 1240w\" sizes=\"auto, (max-width: 600px) 100vw, 600px\" \/><\/a><\/td>\n<td style=\"text-align: center; border: none;\"><a href=\"https:\/\/agora.xtec.cat\/institutmontserratroig\/wp-content\/uploads\/usu342\/2020\/12\/1608713303151.jpg\"><img loading=\"lazy\" decoding=\"async\" class=\"aligncenter wp-image-20008\" src=\"https:\/\/agora.xtec.cat\/institutmontserratroig\/wp-content\/uploads\/usu342\/2020\/12\/1608713303151-768x1024.jpg\" alt=\"\" width=\"338\" height=\"450\" srcset=\"https:\/\/agora.xtec.cat\/institutmontserratroig\/wp-content\/uploads\/usu342\/2020\/12\/1608713303151-768x1024.jpg 768w, https:\/\/agora.xtec.cat\/institutmontserratroig\/wp-content\/uploads\/usu342\/2020\/12\/1608713303151-225x300.jpg 225w, https:\/\/agora.xtec.cat\/institutmontserratroig\/wp-content\/uploads\/usu342\/2020\/12\/1608713303151.jpg 930w\" sizes=\"auto, (max-width: 338px) 100vw, 338px\" \/><\/a><\/td>\n<\/tr>\n<\/tbody>\n<tbody>\n<tr>\n<th style=\"text-align: center;\">La m\u00fasica del Natcho i el Dergi<\/th>\n<th style=\"text-align: center;\">Els tallers de postals<\/th>\n<\/tr>\n<\/tbody>\n<\/table>\n<table style=\"width: 100%; border: none;\">\n<tbody>\n<tr>\n<td style=\"text-align: center; border: none;\"><iframe loading=\"lazy\" src=\"https:\/\/www.youtube.com\/embed\/N3vjZS7ME3c\" width=\"800\" height=\"450\" frameborder=\"0\"><\/iframe><\/td>\n<\/tr>\n<\/tbody>\n<tbody>\n<tr>\n<th style=\"text-align: center;\">Coreografies a l&#8217;aula<\/th>\n<\/tr>\n<\/tbody>\n<\/table>\n<h5 style=\"text-align: center;\"><a href=\"https:\/\/photos.app.goo.gl\/qgvyncRPLm5219Jx7\" target=\"_blank\" rel=\"noopener noreferrer\">\u00c0lbum de fotos del dia<\/a><\/h5>\n","protected":false},"excerpt":{"rendered":"<p>El dilluns 21, mentre l&#8217;alumnat de batxillerat seguia amb el seu horari lectiu setmanal, la resta del centre va celebrar la Festa d&#8217;hivern participant en les <a href=\"https:\/\/agora.xtec.cat\/institutmontserratroig\/portada\/cartell-i-programa-de-la-festa-dhivern\/\">activitats programades<\/a> per a despr\u00e9s del lliurament de les notes.<br \/>\nDestaquem, d&#8217;entre les diverses opcions escollides pels tutors\/es i&hellip;  <a href=\"https:\/\/agora.xtec.cat\/institutmontserratroig\/eso\/activitats-de-cloenda-del-primer-trimestre\/\" title=\"Read Activitats de cloenda del primer trimestre\">Llegeix m\u00e9s\u00bb<\/a><\/p>\n","protected":false},"author":1,"featured_media":20008,"comment_status":"open","ping_status":"closed","sticky":false,"template":"","format":"standard","meta":{"_bbp_topic_count":0,"_bbp_reply_count":0,"_bbp_total_topic_count":0,"_bbp_total_reply_count":0,"_bbp_voice_count":0,"_bbp_anonymous_reply_count":0,"_bbp_topic_count_hidden":0,"_bbp_reply_count_hidden":0,"_bbp_forum_subforum_count":0,"footnotes":""},"categories":[343,3,371,81,29],"tags":[373,351],"class_list":["post-20003","post","type-post","status-publish","format-standard","has-post-thumbnail","hentry","category-curs-2020-21","category-eso","category-festa-dhivern","category-festa-de-la-musica","category-portada","tag-festa-dhivern-2020","tag-festa-de-la-musica-2020"],"post_mailing_queue_ids":[],"_links":{"self":[{"href":"https:\/\/agora.xtec.cat\/institutmontserratroig\/wp-json\/wp\/v2\/posts\/20003","targetHints":{"allow":["GET"]}}],"collection":[{"href":"https:\/\/agora.xtec.cat\/institutmontserratroig\/wp-json\/wp\/v2\/posts"}],"about":[{"href":"https:\/\/agora.xtec.cat\/institutmontserratroig\/wp-json\/wp\/v2\/types\/post"}],"author":[{"embeddable":true,"href":"https:\/\/agora.xtec.cat\/institutmontserratroig\/wp-json\/wp\/v2\/users\/1"}],"replies":[{"embeddable":true,"href":"https:\/\/agora.xtec.cat\/institutmontserratroig\/wp-json\/wp\/v2\/comments?post=20003"}],"version-history":[{"count":4,"href":"https:\/\/agora.xtec.cat\/institutmontserratroig\/wp-json\/wp\/v2\/posts\/20003\/revisions"}],"predecessor-version":[{"id":22348,"href":"https:\/\/agora.xtec.cat\/institutmontserratroig\/wp-json\/wp\/v2\/posts\/20003\/revisions\/22348"}],"wp:featuredmedia":[{"embeddable":true,"href":"https:\/\/agora.xtec.cat\/institutmontserratroig\/wp-json\/wp\/v2\/media\/20008"}],"wp:attachment":[{"href":"https:\/\/agora.xtec.cat\/institutmontserratroig\/wp-json\/wp\/v2\/media?parent=20003"}],"wp:term":[{"taxonomy":"category","embeddable":true,"href":"https:\/\/agora.xtec.cat\/institutmontserratroig\/wp-json\/wp\/v2\/categories?post=20003"},{"taxonomy":"post_tag","embeddable":true,"href":"https:\/\/agora.xtec.cat\/institutmontserratroig\/wp-json\/wp\/v2\/tags?post=20003"}],"curies":[{"name":"wp","href":"https:\/\/api.w.org\/{rel}","templated":true}]}}