{"id":19919,"date":"2020-12-17T18:44:24","date_gmt":"2020-12-17T17:44:24","guid":{"rendered":"https:\/\/agora.xtec.cat\/institutmontserratroig\/?p=19919"},"modified":"2020-12-18T02:36:56","modified_gmt":"2020-12-18T01:36:56","slug":"ruta-de-nadal-amb-laula-dacollida","status":"publish","type":"post","link":"https:\/\/agora.xtec.cat\/institutmontserratroig\/portada\/ruta-de-nadal-amb-laula-dacollida\/","title":{"rendered":"Ruta nadalenca a l&#8217;aula d&#8217;acollida"},"content":{"rendered":"<p><a href=\"https:\/\/agora.xtec.cat\/institutmontserratroig\/wp-content\/uploads\/usu342\/2020\/12\/Captura-de-Pantalla-2020-12-17-a-les-18.37.27.jpg\"><img loading=\"lazy\" decoding=\"async\" class=\"alignnone size-large wp-image-19920\" src=\"https:\/\/agora.xtec.cat\/institutmontserratroig\/wp-content\/uploads\/usu342\/2020\/12\/Captura-de-Pantalla-2020-12-17-a-les-18.37.27-1024x283.jpg\" alt=\"\" width=\"1024\" height=\"283\" srcset=\"https:\/\/agora.xtec.cat\/institutmontserratroig\/wp-content\/uploads\/usu342\/2020\/12\/Captura-de-Pantalla-2020-12-17-a-les-18.37.27-1024x283.jpg 1024w, https:\/\/agora.xtec.cat\/institutmontserratroig\/wp-content\/uploads\/usu342\/2020\/12\/Captura-de-Pantalla-2020-12-17-a-les-18.37.27-300x83.jpg 300w, https:\/\/agora.xtec.cat\/institutmontserratroig\/wp-content\/uploads\/usu342\/2020\/12\/Captura-de-Pantalla-2020-12-17-a-les-18.37.27-768x212.jpg 768w, https:\/\/agora.xtec.cat\/institutmontserratroig\/wp-content\/uploads\/usu342\/2020\/12\/Captura-de-Pantalla-2020-12-17-a-les-18.37.27.jpg 1240w\" sizes=\"auto, (max-width: 1024px) 100vw, 1024px\" \/><\/a><\/p>\n<p style=\"text-align: justify;\">Aquest mat\u00ed, una vintena d&#8217;alumnes de l&#8217;Aula d&#8217;acollida acompanyats pel seu professorat, hem fet una passejada des de l&#8217;institut per visitar la fira de Santa Ll\u00facia. De cam\u00ed hem vist La Pedrera, la Casa Batll\u00f3, la Pla\u00e7a Catalunya on hem esmorzat, l&#8217;avinguda Portal de l&#8217;\u00c0ngel i la pla\u00e7a de Sant Jaume.<\/p>\n<p style=\"text-align: justify;\">Despr\u00e9s hem continuat el passeig fins al Parc de la Ciutadella. Aquesta segona part l&#8217;hem dedicat a l&#8217;Amic secret, com en diuen alguns d&#8217;ells, i ha estat d&#8217;all\u00f2 m\u00e9s interessant per les descripcions que feien uns dels altres a fi de descobrir qui era l&#8217;amic invisible, per la gr\u00e0cia dels detalls i petits regals que s&#8217;han intercanviat i pel fet de comprovar fins a quin punt es coneixen molt b\u00e9 tots ells i la bona pinya que fan.<\/p>\n<p style=\"text-align: justify;\">Gr\u00e0cies, Carmina i nois i noies, per aquesta sortida tan agradable.<\/p>\n<h5 style=\"text-align: center;\"><a href=\"https:\/\/photos.app.goo.gl\/y7BYsAwCTYpC63oH8\" target=\"_blank\" rel=\"noopener noreferrer\">\u00c0lbum de fotos<\/a><\/h5>\n","protected":false},"excerpt":{"rendered":"<p><a href=\"https:\/\/agora.xtec.cat\/institutmontserratroig\/wp-content\/uploads\/usu342\/2020\/12\/Captura-de-Pantalla-2020-12-17-a-les-18.37.27.jpg\"><\/a><br \/>\nAquest mat\u00ed, una vintena d&#8217;alumnes de l&#8217;Aula d&#8217;acollida acompanyats pel seu professorat, hem fet una passejada des de l&#8217;institut per visitar la fira de Santa Ll\u00facia. De cam\u00ed hem vist La Pedrera, la Casa Batll\u00f3, la Pla\u00e7a Catalunya on hem esmorzat, l&#8217;avinguda Portal de&hellip;  <a href=\"https:\/\/agora.xtec.cat\/institutmontserratroig\/portada\/ruta-de-nadal-amb-laula-dacollida\/\" title=\"Read Ruta nadalenca a l&#8217;aula d&#8217;acollida\">Llegeix m\u00e9s\u00bb<\/a><\/p>\n","protected":false},"author":1,"featured_media":19920,"comment_status":"open","ping_status":"closed","sticky":false,"template":"","format":"standard","meta":{"_bbp_topic_count":0,"_bbp_reply_count":0,"_bbp_total_topic_count":0,"_bbp_total_reply_count":0,"_bbp_voice_count":0,"_bbp_anonymous_reply_count":0,"_bbp_topic_count_hidden":0,"_bbp_reply_count_hidden":0,"_bbp_forum_subforum_count":0,"footnotes":""},"categories":[65,343,29,260],"tags":[179],"class_list":["post-19919","post","type-post","status-publish","format-standard","has-post-thumbnail","hentry","category-aula-dacollida","category-curs-2020-21","category-portada","category-sortides-aa","tag-sortides"],"post_mailing_queue_ids":[],"_links":{"self":[{"href":"https:\/\/agora.xtec.cat\/institutmontserratroig\/wp-json\/wp\/v2\/posts\/19919","targetHints":{"allow":["GET"]}}],"collection":[{"href":"https:\/\/agora.xtec.cat\/institutmontserratroig\/wp-json\/wp\/v2\/posts"}],"about":[{"href":"https:\/\/agora.xtec.cat\/institutmontserratroig\/wp-json\/wp\/v2\/types\/post"}],"author":[{"embeddable":true,"href":"https:\/\/agora.xtec.cat\/institutmontserratroig\/wp-json\/wp\/v2\/users\/1"}],"replies":[{"embeddable":true,"href":"https:\/\/agora.xtec.cat\/institutmontserratroig\/wp-json\/wp\/v2\/comments?post=19919"}],"version-history":[{"count":4,"href":"https:\/\/agora.xtec.cat\/institutmontserratroig\/wp-json\/wp\/v2\/posts\/19919\/revisions"}],"predecessor-version":[{"id":19942,"href":"https:\/\/agora.xtec.cat\/institutmontserratroig\/wp-json\/wp\/v2\/posts\/19919\/revisions\/19942"}],"wp:featuredmedia":[{"embeddable":true,"href":"https:\/\/agora.xtec.cat\/institutmontserratroig\/wp-json\/wp\/v2\/media\/19920"}],"wp:attachment":[{"href":"https:\/\/agora.xtec.cat\/institutmontserratroig\/wp-json\/wp\/v2\/media?parent=19919"}],"wp:term":[{"taxonomy":"category","embeddable":true,"href":"https:\/\/agora.xtec.cat\/institutmontserratroig\/wp-json\/wp\/v2\/categories?post=19919"},{"taxonomy":"post_tag","embeddable":true,"href":"https:\/\/agora.xtec.cat\/institutmontserratroig\/wp-json\/wp\/v2\/tags?post=19919"}],"curies":[{"name":"wp","href":"https:\/\/api.w.org\/{rel}","templated":true}]}}