{"id":19702,"date":"2020-11-18T21:15:44","date_gmt":"2020-11-18T20:15:44","guid":{"rendered":"https:\/\/agora.xtec.cat\/institutmontserratroig\/?p=19702"},"modified":"2023-07-01T17:09:30","modified_gmt":"2023-07-01T15:09:30","slug":"sortida-de-tutoria-de-2eso-b-i-c","status":"publish","type":"post","link":"https:\/\/agora.xtec.cat\/institutmontserratroig\/eso\/eso-2\/eso-2b\/sortida-de-tutoria-de-2eso-b-i-c\/","title":{"rendered":"Sortida de tutoria de 2ESO B i C"},"content":{"rendered":"<table style=\"width: 100%; border: none;\">\n<tbody>\n<tr>\n<td style=\"text-align: center; border: none;\"><a href=\"https:\/\/agora.xtec.cat\/institutmontserratroig\/wp-content\/uploads\/usu342\/2020\/11\/IMG_3419.jpg\"><img loading=\"lazy\" decoding=\"async\" class=\"aligncenter wp-image-19704\" src=\"https:\/\/agora.xtec.cat\/institutmontserratroig\/wp-content\/uploads\/usu342\/2020\/11\/IMG_3419-1024x768.jpg\" alt=\"\" width=\"600\" height=\"450\" srcset=\"https:\/\/agora.xtec.cat\/institutmontserratroig\/wp-content\/uploads\/usu342\/2020\/11\/IMG_3419-1024x768.jpg 1024w, https:\/\/agora.xtec.cat\/institutmontserratroig\/wp-content\/uploads\/usu342\/2020\/11\/IMG_3419-300x225.jpg 300w, https:\/\/agora.xtec.cat\/institutmontserratroig\/wp-content\/uploads\/usu342\/2020\/11\/IMG_3419-768x576.jpg 768w, https:\/\/agora.xtec.cat\/institutmontserratroig\/wp-content\/uploads\/usu342\/2020\/11\/IMG_3419-200x150.jpg 200w, https:\/\/agora.xtec.cat\/institutmontserratroig\/wp-content\/uploads\/usu342\/2020\/11\/IMG_3419.jpg 1240w\" sizes=\"auto, (max-width: 600px) 100vw, 600px\" \/><\/a><\/td>\n<td style=\"text-align: center; border: none;\"><a href=\"https:\/\/agora.xtec.cat\/institutmontserratroig\/wp-content\/uploads\/usu342\/2020\/11\/600f83c9-421f-4717-ba77-54759ac8c2ae.jpg\"><img loading=\"lazy\" decoding=\"async\" class=\"aligncenter wp-image-19705\" src=\"https:\/\/agora.xtec.cat\/institutmontserratroig\/wp-content\/uploads\/usu342\/2020\/11\/600f83c9-421f-4717-ba77-54759ac8c2ae-1024x768.jpg\" alt=\"\" width=\"600\" height=\"450\" srcset=\"https:\/\/agora.xtec.cat\/institutmontserratroig\/wp-content\/uploads\/usu342\/2020\/11\/600f83c9-421f-4717-ba77-54759ac8c2ae-1024x768.jpg 1024w, https:\/\/agora.xtec.cat\/institutmontserratroig\/wp-content\/uploads\/usu342\/2020\/11\/600f83c9-421f-4717-ba77-54759ac8c2ae-300x225.jpg 300w, https:\/\/agora.xtec.cat\/institutmontserratroig\/wp-content\/uploads\/usu342\/2020\/11\/600f83c9-421f-4717-ba77-54759ac8c2ae-768x576.jpg 768w, https:\/\/agora.xtec.cat\/institutmontserratroig\/wp-content\/uploads\/usu342\/2020\/11\/600f83c9-421f-4717-ba77-54759ac8c2ae-200x150.jpg 200w, https:\/\/agora.xtec.cat\/institutmontserratroig\/wp-content\/uploads\/usu342\/2020\/11\/600f83c9-421f-4717-ba77-54759ac8c2ae.jpg 1240w\" sizes=\"auto, (max-width: 600px) 100vw, 600px\" \/><\/a><\/td>\n<\/tr>\n<\/tbody>\n<\/table>\n<p style=\"text-align: justify;\">Avui 2n ESO B i C hem fet la nostra sortida de tutoria. Hem anat del Park G\u00fcell al Parc del Guinard\u00f3, passant per les bateries antia\u00e8ries conegudes popularment com a B\u00fanquers. En total hem fet 11 km i ens ho hem passat molt b\u00e9.<\/p>\n<h5 style=\"text-align: center;\"><a href=\"https:\/\/photos.app.goo.gl\/uLGLouXSaVuwiq4E9\" target=\"_blank\" rel=\"noopener noreferrer\">Fotos de la sortida<\/a><\/h5>\n","protected":false},"excerpt":{"rendered":"<p><a href=\"https:\/\/agora.xtec.cat\/institutmontserratroig\/wp-content\/uploads\/usu342\/2020\/11\/IMG_3419.jpg\"><\/a><br \/>\n<a href=\"https:\/\/agora.xtec.cat\/institutmontserratroig\/wp-content\/uploads\/usu342\/2020\/11\/600f83c9-421f-4717-ba77-54759ac8c2ae.jpg\"><\/a><\/p>\n<p>Avui 2n ESO B i C hem fet la nostra sortida de tutoria. Hem anat del Park G\u00fcell al Parc del Guinard\u00f3, passant per les bateries antia\u00e8ries conegudes popularment com a B\u00fanquers. En total hem fet 11 km i ens ho hem passat&hellip;  <a href=\"https:\/\/agora.xtec.cat\/institutmontserratroig\/eso\/eso-2\/eso-2b\/sortida-de-tutoria-de-2eso-b-i-c\/\" title=\"Read Sortida de tutoria de 2ESO B i C\">Llegeix m\u00e9s\u00bb<\/a><\/p>\n","protected":false},"author":1,"featured_media":19704,"comment_status":"open","ping_status":"closed","sticky":false,"template":"","format":"standard","meta":{"_bbp_topic_count":0,"_bbp_reply_count":0,"_bbp_total_topic_count":0,"_bbp_total_reply_count":0,"_bbp_voice_count":0,"_bbp_anonymous_reply_count":0,"_bbp_topic_count_hidden":0,"_bbp_reply_count_hidden":0,"_bbp_forum_subforum_count":0,"footnotes":""},"categories":[343,15,16,29],"tags":[454,179,155],"class_list":["post-19702","post","type-post","status-publish","format-standard","has-post-thumbnail","hentry","category-curs-2020-21","category-eso-2b","category-eso-2c","category-portada","tag-antiaeris-carmel","tag-sortides","tag-tutoria"],"post_mailing_queue_ids":[],"_links":{"self":[{"href":"https:\/\/agora.xtec.cat\/institutmontserratroig\/wp-json\/wp\/v2\/posts\/19702","targetHints":{"allow":["GET"]}}],"collection":[{"href":"https:\/\/agora.xtec.cat\/institutmontserratroig\/wp-json\/wp\/v2\/posts"}],"about":[{"href":"https:\/\/agora.xtec.cat\/institutmontserratroig\/wp-json\/wp\/v2\/types\/post"}],"author":[{"embeddable":true,"href":"https:\/\/agora.xtec.cat\/institutmontserratroig\/wp-json\/wp\/v2\/users\/1"}],"replies":[{"embeddable":true,"href":"https:\/\/agora.xtec.cat\/institutmontserratroig\/wp-json\/wp\/v2\/comments?post=19702"}],"version-history":[{"count":3,"href":"https:\/\/agora.xtec.cat\/institutmontserratroig\/wp-json\/wp\/v2\/posts\/19702\/revisions"}],"predecessor-version":[{"id":19710,"href":"https:\/\/agora.xtec.cat\/institutmontserratroig\/wp-json\/wp\/v2\/posts\/19702\/revisions\/19710"}],"wp:featuredmedia":[{"embeddable":true,"href":"https:\/\/agora.xtec.cat\/institutmontserratroig\/wp-json\/wp\/v2\/media\/19704"}],"wp:attachment":[{"href":"https:\/\/agora.xtec.cat\/institutmontserratroig\/wp-json\/wp\/v2\/media?parent=19702"}],"wp:term":[{"taxonomy":"category","embeddable":true,"href":"https:\/\/agora.xtec.cat\/institutmontserratroig\/wp-json\/wp\/v2\/categories?post=19702"},{"taxonomy":"post_tag","embeddable":true,"href":"https:\/\/agora.xtec.cat\/institutmontserratroig\/wp-json\/wp\/v2\/tags?post=19702"}],"curies":[{"name":"wp","href":"https:\/\/api.w.org\/{rel}","templated":true}]}}