{"id":19684,"date":"2020-11-16T13:34:10","date_gmt":"2020-11-16T12:34:10","guid":{"rendered":"https:\/\/agora.xtec.cat\/institutmontserratroig\/?p=19684"},"modified":"2020-11-17T14:30:27","modified_gmt":"2020-11-17T13:30:27","slug":"el-gran-recapte-amb-mes-necessitat-i-mes-dificultats","status":"publish","type":"post","link":"https:\/\/agora.xtec.cat\/institutmontserratroig\/portada\/el-gran-recapte-amb-mes-necessitat-i-mes-dificultats\/","title":{"rendered":"El Gran Recapte amb m\u00e9s necessitat i m\u00e9s dificultats"},"content":{"rendered":"<p><img loading=\"lazy\" decoding=\"async\" class=\"size-full wp-image-19685 aligncenter\" src=\"https:\/\/agora.xtec.cat\/institutmontserratroig\/wp-content\/uploads\/usu342\/2020\/11\/imatge-granrecapte-enli\u0301nia.png\" alt=\"\" width=\"620\" height=\"300\" srcset=\"https:\/\/agora.xtec.cat\/institutmontserratroig\/wp-content\/uploads\/usu342\/2020\/11\/imatge-granrecapte-enli\u0301nia.png 620w, https:\/\/agora.xtec.cat\/institutmontserratroig\/wp-content\/uploads\/usu342\/2020\/11\/imatge-granrecapte-enli\u0301nia-300x145.png 300w\" sizes=\"auto, (max-width: 620px) 100vw, 620px\" \/><\/p>\n<p style=\"text-align: justify;\">Aquest any ja \u00e9s la dotzena cita amb el <a href=\"https:\/\/www.granrecapte.com\/\" target=\"_blank\" rel=\"noopener noreferrer\">Gran Recapte d&#8217;aliments<\/a> que ha comen\u00e7at avui i acaba aquest dissabte. I, com tot aquest any, el Gran Recapte ha comen\u00e7at ben diferent, perqu\u00e8 aquest any a causa de la Covid no es poden fer donatius en esp\u00e8cie, sin\u00f3 que tot ha de ser obligat\u00f2riament amb diners.<\/p>\n<p style=\"text-align: justify;\">La Covid ho ha canviat tot, tamb\u00e9 el Gran Recapte del Banc dels Aliments, que ha vist com han baixat les donacions, hi ha menys malbaratament, per\u00f2 la demanda ha augmentat un 40%, per aix\u00f2 \u00e9s imprescindible fer donacions en efectiu directament a les caixes dels supermercats quan acabem de fer la compra, o de forma telem\u00e0tica a trav\u00e9s de <a href=\"https:\/\/www.granrecapte.com\/\" target=\"_blank\" rel=\"noopener noreferrer\">Bizum<\/a> o de la web <a href=\"https:\/\/www.granrecapteonline.com\/\" target=\"_blank\" rel=\"noopener noreferrer\">granrecapteonline.com<\/a>.<\/p>\n","protected":false},"excerpt":{"rendered":"<p>Aquest any ja \u00e9s la dotzena cita amb el <a href=\"https:\/\/www.granrecapte.com\/\" target=\"_blank\" rel=\"noopener noreferrer\">Gran Recapte d&#8217;aliments<\/a> que ha comen\u00e7at avui i acaba aquest dissabte. I, com tot aquest any, el Gran Recapte ha comen\u00e7at ben diferent, perqu\u00e8 aquest any a causa de la Covid no&hellip;  <a href=\"https:\/\/agora.xtec.cat\/institutmontserratroig\/portada\/el-gran-recapte-amb-mes-necessitat-i-mes-dificultats\/\" title=\"Read El Gran Recapte amb m\u00e9s necessitat i m\u00e9s dificultats\">Llegeix m\u00e9s\u00bb<\/a><\/p>\n","protected":false},"author":1,"featured_media":19685,"comment_status":"open","ping_status":"closed","sticky":false,"template":"","format":"standard","meta":{"_bbp_topic_count":0,"_bbp_reply_count":0,"_bbp_total_topic_count":0,"_bbp_total_reply_count":0,"_bbp_voice_count":0,"_bbp_anonymous_reply_count":0,"_bbp_topic_count_hidden":0,"_bbp_reply_count_hidden":0,"_bbp_forum_subforum_count":0,"footnotes":""},"categories":[343,29],"tags":[256,148],"class_list":["post-19684","post","type-post","status-publish","format-standard","has-post-thumbnail","hentry","category-curs-2020-21","category-portada","tag-banc-daliments","tag-solidaritat"],"post_mailing_queue_ids":[],"_links":{"self":[{"href":"https:\/\/agora.xtec.cat\/institutmontserratroig\/wp-json\/wp\/v2\/posts\/19684","targetHints":{"allow":["GET"]}}],"collection":[{"href":"https:\/\/agora.xtec.cat\/institutmontserratroig\/wp-json\/wp\/v2\/posts"}],"about":[{"href":"https:\/\/agora.xtec.cat\/institutmontserratroig\/wp-json\/wp\/v2\/types\/post"}],"author":[{"embeddable":true,"href":"https:\/\/agora.xtec.cat\/institutmontserratroig\/wp-json\/wp\/v2\/users\/1"}],"replies":[{"embeddable":true,"href":"https:\/\/agora.xtec.cat\/institutmontserratroig\/wp-json\/wp\/v2\/comments?post=19684"}],"version-history":[{"count":3,"href":"https:\/\/agora.xtec.cat\/institutmontserratroig\/wp-json\/wp\/v2\/posts\/19684\/revisions"}],"predecessor-version":[{"id":19688,"href":"https:\/\/agora.xtec.cat\/institutmontserratroig\/wp-json\/wp\/v2\/posts\/19684\/revisions\/19688"}],"wp:featuredmedia":[{"embeddable":true,"href":"https:\/\/agora.xtec.cat\/institutmontserratroig\/wp-json\/wp\/v2\/media\/19685"}],"wp:attachment":[{"href":"https:\/\/agora.xtec.cat\/institutmontserratroig\/wp-json\/wp\/v2\/media?parent=19684"}],"wp:term":[{"taxonomy":"category","embeddable":true,"href":"https:\/\/agora.xtec.cat\/institutmontserratroig\/wp-json\/wp\/v2\/categories?post=19684"},{"taxonomy":"post_tag","embeddable":true,"href":"https:\/\/agora.xtec.cat\/institutmontserratroig\/wp-json\/wp\/v2\/tags?post=19684"}],"curies":[{"name":"wp","href":"https:\/\/api.w.org\/{rel}","templated":true}]}}