{"id":18786,"date":"2020-07-10T11:29:56","date_gmt":"2020-07-10T09:29:56","guid":{"rendered":"https:\/\/agora.xtec.cat\/institutmontserratroig\/?p=18786"},"modified":"2020-07-10T11:35:02","modified_gmt":"2020-07-10T09:35:02","slug":"la-nanorobotica-va-fent-cami","status":"publish","type":"post","link":"https:\/\/agora.xtec.cat\/institutmontserratroig\/portada\/la-nanorobotica-va-fent-cami\/","title":{"rendered":"La nanorob\u00f2tica va fent cam\u00ed"},"content":{"rendered":"<p style=\"text-align: justify;\"><a href=\"https:\/\/drive.google.com\/file\/d\/1z-ptgEMYNV5BtOBzZN8MGcBraaAXSmZ7\/view?usp=sharing\" target=\"_blank\" rel=\"noopener noreferrer\"><img loading=\"lazy\" decoding=\"async\" class=\"alignright wp-image-18787\" title=\"Amplia el document\" src=\"https:\/\/agora.xtec.cat\/institutmontserratroig\/wp-content\/uploads\/usu342\/2020\/07\/Captura-de-Pantalla-2020-07-10-a-les-10.51.17.png\" alt=\"\" width=\"466\" height=\"300\" srcset=\"https:\/\/agora.xtec.cat\/institutmontserratroig\/wp-content\/uploads\/usu342\/2020\/07\/Captura-de-Pantalla-2020-07-10-a-les-10.51.17.png 901w, https:\/\/agora.xtec.cat\/institutmontserratroig\/wp-content\/uploads\/usu342\/2020\/07\/Captura-de-Pantalla-2020-07-10-a-les-10.51.17-300x193.png 300w, https:\/\/agora.xtec.cat\/institutmontserratroig\/wp-content\/uploads\/usu342\/2020\/07\/Captura-de-Pantalla-2020-07-10-a-les-10.51.17-768x494.png 768w\" sizes=\"auto, (max-width: 466px) 100vw, 466px\" \/><\/a>I un cam\u00ed for\u00e7a reeixit si parlem concretament del treball d&#8217;investigaci\u00f3 de la nostra alumna Filotea Crasovan.<\/p>\n<p style=\"text-align: justify;\">El seu treball &#8220;<a href=\"https:\/\/agora.xtec.cat\/institutmontserratroig\/batxillerat\/2n-de-batxillerat\/els-nanorobots-en-el-tractament-del-cancer-cerebral-explicats-per-la-filotea\/\">Un enfoque novedoso para el tratamiento del c\u00e1ncer de crerebro: la nanorob\u00f3tica<\/a>&#8221; va ser premiat primer en la <a href=\"https:\/\/agora.xtec.cat\/institutmontserratroig\/portada\/treballs-de-recerca-seleccionats-per-al-forum-de-gracia\/\">Mostra de TR de Gr\u00e0cia<\/a>, premiat seguidament tamb\u00e9 per <a href=\"https:\/\/agora.xtec.cat\/institutmontserratroig\/portada\/tr\/\">Espai Ci\u00e8ncia<\/a>, va estar seleccionat per ser presentat al Sal\u00f3 d&#8217;Ensenyament i va passar a la fase final del programa Ciencia en Acci\u00f3n 2020, aconseguiment el reconeixement del primer premi d&#8217;\u00e0mbit nacional.<\/p>\n<p style=\"text-align: center;\">La nostra enhorabona Filotea!<\/p>\n<p style=\"text-align: center;\">Ja estem esperant el seg\u00fcent guard\u00f3!<\/p>\n","protected":false},"excerpt":{"rendered":"<p><a href=\"https:\/\/drive.google.com\/file\/d\/1z-ptgEMYNV5BtOBzZN8MGcBraaAXSmZ7\/view?usp=sharing\" target=\"_blank\" rel=\"noopener noreferrer\"><\/a>I un cam\u00ed for\u00e7a reeixit si parlem concretament del treball d&#8217;investigaci\u00f3 de la nostra alumna Filotea Crasovan.<br \/>\nEl seu treball &#8220;<a href=\"https:\/\/agora.xtec.cat\/institutmontserratroig\/batxillerat\/2n-de-batxillerat\/els-nanorobots-en-el-tractament-del-cancer-cerebral-explicats-per-la-filotea\/\">Un enfoque novedoso para el tratamiento del c\u00e1ncer de crerebro: la nanorob\u00f3tica<\/a>&#8221; va ser premiat primer en la <a href=\"https:\/\/agora.xtec.cat\/institutmontserratroig\/portada\/treballs-de-recerca-seleccionats-per-al-forum-de-gracia\/\">Mostra de&hellip;  <a href=\"https:\/\/agora.xtec.cat\/institutmontserratroig\/portada\/la-nanorobotica-va-fent-cami\/\" title=\"Read La nanorob\u00f2tica va fent cam\u00ed\">Llegeix m\u00e9s\u00bb<\/a><\/p>\n","protected":false},"author":1,"featured_media":18787,"comment_status":"open","ping_status":"closed","sticky":false,"template":"","format":"standard","meta":{"_bbp_topic_count":0,"_bbp_reply_count":0,"_bbp_total_topic_count":0,"_bbp_total_reply_count":0,"_bbp_voice_count":0,"_bbp_anonymous_reply_count":0,"_bbp_topic_count_hidden":0,"_bbp_reply_count_hidden":0,"_bbp_forum_subforum_count":0,"footnotes":""},"categories":[67,305,325,29],"tags":[133,129],"class_list":["post-18786","post","type-post","status-publish","format-standard","has-post-thumbnail","hentry","category-2n-de-batxillerat","category-curs-2019-20","category-ins-montserrat-roig","category-portada","tag-alumnat","tag-treball-de-recerca"],"post_mailing_queue_ids":[],"_links":{"self":[{"href":"https:\/\/agora.xtec.cat\/institutmontserratroig\/wp-json\/wp\/v2\/posts\/18786","targetHints":{"allow":["GET"]}}],"collection":[{"href":"https:\/\/agora.xtec.cat\/institutmontserratroig\/wp-json\/wp\/v2\/posts"}],"about":[{"href":"https:\/\/agora.xtec.cat\/institutmontserratroig\/wp-json\/wp\/v2\/types\/post"}],"author":[{"embeddable":true,"href":"https:\/\/agora.xtec.cat\/institutmontserratroig\/wp-json\/wp\/v2\/users\/1"}],"replies":[{"embeddable":true,"href":"https:\/\/agora.xtec.cat\/institutmontserratroig\/wp-json\/wp\/v2\/comments?post=18786"}],"version-history":[{"count":3,"href":"https:\/\/agora.xtec.cat\/institutmontserratroig\/wp-json\/wp\/v2\/posts\/18786\/revisions"}],"predecessor-version":[{"id":18790,"href":"https:\/\/agora.xtec.cat\/institutmontserratroig\/wp-json\/wp\/v2\/posts\/18786\/revisions\/18790"}],"wp:featuredmedia":[{"embeddable":true,"href":"https:\/\/agora.xtec.cat\/institutmontserratroig\/wp-json\/wp\/v2\/media\/18787"}],"wp:attachment":[{"href":"https:\/\/agora.xtec.cat\/institutmontserratroig\/wp-json\/wp\/v2\/media?parent=18786"}],"wp:term":[{"taxonomy":"category","embeddable":true,"href":"https:\/\/agora.xtec.cat\/institutmontserratroig\/wp-json\/wp\/v2\/categories?post=18786"},{"taxonomy":"post_tag","embeddable":true,"href":"https:\/\/agora.xtec.cat\/institutmontserratroig\/wp-json\/wp\/v2\/tags?post=18786"}],"curies":[{"name":"wp","href":"https:\/\/api.w.org\/{rel}","templated":true}]}}