{"id":18758,"date":"2020-07-08T23:27:05","date_gmt":"2020-07-08T21:27:05","guid":{"rendered":"https:\/\/agora.xtec.cat\/institutmontserratroig\/?p=18758"},"modified":"2020-07-08T23:27:05","modified_gmt":"2020-07-08T21:27:05","slug":"activitats-destiu-per-a-joves-i-adolescents","status":"publish","type":"post","link":"https:\/\/agora.xtec.cat\/institutmontserratroig\/portada\/activitats-destiu-per-a-joves-i-adolescents\/","title":{"rendered":"Activitats d&#8217;estiu per a joves i adolescents"},"content":{"rendered":"<p><img loading=\"lazy\" decoding=\"async\" class=\"aligncenter wp-image-18759 size-full\" src=\"https:\/\/agora.xtec.cat\/institutmontserratroig\/wp-content\/uploads\/usu342\/2020\/07\/Captura-de-Pantalla-2020-07-08-a-les-23.19.01.png\" alt=\"\" width=\"806\" height=\"291\" srcset=\"https:\/\/agora.xtec.cat\/institutmontserratroig\/wp-content\/uploads\/usu342\/2020\/07\/Captura-de-Pantalla-2020-07-08-a-les-23.19.01.png 806w, https:\/\/agora.xtec.cat\/institutmontserratroig\/wp-content\/uploads\/usu342\/2020\/07\/Captura-de-Pantalla-2020-07-08-a-les-23.19.01-300x108.png 300w, https:\/\/agora.xtec.cat\/institutmontserratroig\/wp-content\/uploads\/usu342\/2020\/07\/Captura-de-Pantalla-2020-07-08-a-les-23.19.01-768x277.png 768w\" sizes=\"auto, (max-width: 806px) 100vw, 806px\" \/><\/p>\n<p style=\"text-align: justify;\">Aquest estiu els barris de Barcelona s&#8217;omplen d&#8217;activitats per a joves i adolescents!<\/p>\n<p style=\"text-align: justify;\">Prop de 200 activitats gratu\u00eftes adre\u00e7ades a adolescents i joves de 12 a 18 anys durant els mesos de juliol i agost, que es duran a terme seguint les recomanacions sanit\u00e0ries vigents per a la contenci\u00f3 de la covid-19.<\/p>\n<p style=\"text-align: justify;\">Hem preparat activitats per a tots els gustos! en format presencial i virtual, masterclasses de danses urbanes, tallers de defensa personal i freestyle f\u00fatbol, teatre, beatbox i batucada, fotografia amb el m\u00f2bil, concursos de v\u00eddeos zombies, trobades feministes, graffitis antiracistes, c\u00f2mic i manualitats en 3D, jocs de taula i de rol, videojocs, gimcanes\u2026 i fins i tot un \u201cescape room\u201d!<\/p>\n<p style=\"text-align: justify;\">Consulteu tota la <strong>informaci\u00f3<\/strong> i activitats aqu\u00ed: <a href=\"https:\/\/ajuntament.barcelona.cat\/joves\/ca\/noticia\/100-estiu-adolescent_964380\" target=\"_blank\" rel=\"noopener noreferrer\">https:\/\/ajuntament.barcelona.cat\/joves\/ca\/noticia\/100-estiu-adolescent_964380<\/a><\/p>\n<p style=\"text-align: justify;\">Trieu, remeneu i sobretot recordeu que \u00e9s necessari fer la <strong>inscripci\u00f3 pr\u00e8via<\/strong>!<\/p>\n<p style=\"text-align: justify;\">Podeu fer la inscripci\u00f3 a la majoria de les activitats a trav\u00e9s del formulari: <a href=\"https:\/\/inscripcions-ajuntament.barcelona.cat\/index.php\/395382?lang=ca\" target=\"_blank\" rel=\"noopener noreferrer\">https:\/\/inscripcions-ajuntament.barcelona.cat\/index.php\/395382?lang=ca<\/a><\/p>\n<p style=\"text-align: justify;\">Si no trobeu l&#8217;activitat que busqueu o voleu veure totes les activitats que tenen lloc al vostre districte, feu-li un cop d&#8217;ull a la GuiaBCN, on cada dia s&#8217;hi afegeixen de noves! <a href=\"https:\/\/guia.barcelona.cat\/ca\/llistat?tipuscerca=agenda&amp;c=001200?002048000*\" target=\"_blank\" rel=\"noopener noreferrer\">https:\/\/guia.barcelona.cat\/ca\/llistat?tipuscerca=agenda&amp;c=001200?002048000*<\/a><\/p>\n<p style=\"text-align: justify;\">Per a qualsevol dubte o consulta, ens trobareu a <a href=\"mailto:joventut@bcn.cat\" target=\"_blank\" rel=\"noopener noreferrer\">joventut@bcn.cat<\/a><\/p>\n","protected":false},"excerpt":{"rendered":"<p>Aquest estiu els barris de Barcelona s&#8217;omplen d&#8217;activitats per a joves i adolescents!<br \/>\nProp de 200 activitats gratu\u00eftes adre\u00e7ades a adolescents i joves de 12 a 18 anys durant els mesos de juliol i agost, que es duran a terme seguint les recomanacions sanit\u00e0ries vigents per&hellip;  <a href=\"https:\/\/agora.xtec.cat\/institutmontserratroig\/portada\/activitats-destiu-per-a-joves-i-adolescents\/\" title=\"Read Activitats d&#8217;estiu per a joves i adolescents\">Llegeix m\u00e9s\u00bb<\/a><\/p>\n","protected":false},"author":1,"featured_media":18759,"comment_status":"open","ping_status":"closed","sticky":false,"template":"","format":"standard","meta":{"_bbp_topic_count":0,"_bbp_reply_count":0,"_bbp_total_topic_count":0,"_bbp_total_reply_count":0,"_bbp_voice_count":0,"_bbp_anonymous_reply_count":0,"_bbp_topic_count_hidden":0,"_bbp_reply_count_hidden":0,"_bbp_forum_subforum_count":0,"footnotes":""},"categories":[305,325,29],"tags":[],"class_list":["post-18758","post","type-post","status-publish","format-standard","has-post-thumbnail","hentry","category-curs-2019-20","category-ins-montserrat-roig","category-portada"],"post_mailing_queue_ids":[],"_links":{"self":[{"href":"https:\/\/agora.xtec.cat\/institutmontserratroig\/wp-json\/wp\/v2\/posts\/18758","targetHints":{"allow":["GET"]}}],"collection":[{"href":"https:\/\/agora.xtec.cat\/institutmontserratroig\/wp-json\/wp\/v2\/posts"}],"about":[{"href":"https:\/\/agora.xtec.cat\/institutmontserratroig\/wp-json\/wp\/v2\/types\/post"}],"author":[{"embeddable":true,"href":"https:\/\/agora.xtec.cat\/institutmontserratroig\/wp-json\/wp\/v2\/users\/1"}],"replies":[{"embeddable":true,"href":"https:\/\/agora.xtec.cat\/institutmontserratroig\/wp-json\/wp\/v2\/comments?post=18758"}],"version-history":[{"count":2,"href":"https:\/\/agora.xtec.cat\/institutmontserratroig\/wp-json\/wp\/v2\/posts\/18758\/revisions"}],"predecessor-version":[{"id":18777,"href":"https:\/\/agora.xtec.cat\/institutmontserratroig\/wp-json\/wp\/v2\/posts\/18758\/revisions\/18777"}],"wp:featuredmedia":[{"embeddable":true,"href":"https:\/\/agora.xtec.cat\/institutmontserratroig\/wp-json\/wp\/v2\/media\/18759"}],"wp:attachment":[{"href":"https:\/\/agora.xtec.cat\/institutmontserratroig\/wp-json\/wp\/v2\/media?parent=18758"}],"wp:term":[{"taxonomy":"category","embeddable":true,"href":"https:\/\/agora.xtec.cat\/institutmontserratroig\/wp-json\/wp\/v2\/categories?post=18758"},{"taxonomy":"post_tag","embeddable":true,"href":"https:\/\/agora.xtec.cat\/institutmontserratroig\/wp-json\/wp\/v2\/tags?post=18758"}],"curies":[{"name":"wp","href":"https:\/\/api.w.org\/{rel}","templated":true}]}}