{"id":18518,"date":"2020-06-08T01:37:45","date_gmt":"2020-06-07T23:37:45","guid":{"rendered":"https:\/\/agora.xtec.cat\/institutmontserratroig\/?p=18518"},"modified":"2020-06-08T01:49:15","modified_gmt":"2020-06-07T23:49:15","slug":"la-vida-quotidana-en-el-mon-roma","status":"publish","type":"post","link":"https:\/\/agora.xtec.cat\/institutmontserratroig\/portada\/la-vida-quotidana-en-el-mon-roma\/","title":{"rendered":"La vida quotidana en el m\u00f3n rom\u00e0"},"content":{"rendered":"<p style=\"text-align: justify;\">Avete!<\/p>\n<p style=\"text-align: justify;\">Un dels temes que ens toca estudiar aquest darrer trimestre a l\u2019assignatura de llat\u00ed de 1r de batxillerat \u00e9s la vida quotidiana en el m\u00f3n rom\u00e0: naixement, educaci\u00f3, casament, enterraments.<\/p>\n<p style=\"text-align: justify;\">Vaig demanar als alumnes que es posessin a la pell d\u2019un rom\u00e0 i expliquessin la viv\u00e8ncia en primera persona: des de la solitud del confinament han sorgit creacions molt originals i de molta qualitat.<\/p>\n<table style=\"width: 100%; border: none;\">\n<tbody>\n<tr>\n<td style=\"text-align: center; border: none; width: 50%;\">Naixement<\/td>\n<td style=\"text-align: center; border: none; width: 50%;\">Educaci\u00f3<\/td>\n<\/tr>\n<\/tbody>\n<tbody>\n<tr>\n<td style=\"text-align: center; border: none;\"><iframe loading=\"lazy\" src=\"https:\/\/www.youtube.com\/embed\/5Uj2BvjFyFs\" width=\"560\" height=\"315\" frameborder=\"0\"><\/iframe><\/td>\n<td style=\"text-align: center; border: none;\"><iframe loading=\"lazy\" src=\"https:\/\/www.youtube.com\/embed\/To74_Nx90OA\" width=\"560\" height=\"315\" frameborder=\"0\"><\/iframe><\/td>\n<\/tr>\n<\/tbody>\n<tbody>\n<tr>\n<th style=\"text-align: center;\">Lobo Hispano<\/th>\n<th style=\"text-align: center;\">Tarek Vergara<\/th>\n<\/tr>\n<\/tbody>\n<\/table>\n<table style=\"width: 100%; border: none;\">\n<tbody>\n<tr>\n<td style=\"text-align: center; border: none; width: 50%;\">Divorci<\/td>\n<td style=\"text-align: center; border: none; width: 50%;\">Mort<\/td>\n<\/tr>\n<\/tbody>\n<tbody>\n<tr>\n<td style=\"text-align: center; border: none;\"><iframe loading=\"lazy\" src=\"https:\/\/www.youtube.com\/embed\/lzbW2VRE7Ac\" width=\"560\" height=\"315\" frameborder=\"0\"><\/iframe><\/td>\n<td style=\"text-align: center; border: none;\"><iframe loading=\"lazy\" src=\"https:\/\/www.youtube.com\/embed\/kVg74RkW7LY\" width=\"560\" height=\"315\" frameborder=\"0\"><\/iframe><\/td>\n<\/tr>\n<\/tbody>\n<tbody>\n<tr>\n<th style=\"text-align: center;\">Alba Mart\u00edn<\/th>\n<th style=\"text-align: center;\">Sergi Soldevila<\/th>\n<\/tr>\n<\/tbody>\n<\/table>\n<h4 style=\"text-align: center;\">L\u2019enhorabona!<\/h4>\n","protected":false},"excerpt":{"rendered":"<p>Avete!<br \/>\nUn dels temes que ens toca estudiar aquest darrer trimestre a l\u2019assignatura de llat\u00ed de 1r de batxillerat \u00e9s la vida quotidiana en el m\u00f3n rom\u00e0: naixement, educaci\u00f3, casament, enterraments.<br \/>\nVaig demanar als alumnes que es posessin a la pell d\u2019un rom\u00e0 i expliquessin la viv\u00e8ncia&hellip;  <a href=\"https:\/\/agora.xtec.cat\/institutmontserratroig\/portada\/la-vida-quotidana-en-el-mon-roma\/\" title=\"Read La vida quotidana en el m\u00f3n rom\u00e0\">Llegeix m\u00e9s\u00bb<\/a><\/p>\n","protected":false},"author":1,"featured_media":18522,"comment_status":"open","ping_status":"closed","sticky":false,"template":"","format":"standard","meta":{"_bbp_topic_count":0,"_bbp_reply_count":0,"_bbp_total_topic_count":0,"_bbp_total_reply_count":0,"_bbp_voice_count":0,"_bbp_anonymous_reply_count":0,"_bbp_topic_count_hidden":0,"_bbp_reply_count_hidden":0,"_bbp_forum_subforum_count":0,"footnotes":""},"categories":[66,99,305,325,29],"tags":[289],"class_list":["post-18518","post","type-post","status-publish","format-standard","has-post-thumbnail","hentry","category-1r-de-batxillerat","category-classiques","category-curs-2019-20","category-ins-montserrat-roig","category-portada","tag-activitats-daula"],"post_mailing_queue_ids":[],"_links":{"self":[{"href":"https:\/\/agora.xtec.cat\/institutmontserratroig\/wp-json\/wp\/v2\/posts\/18518","targetHints":{"allow":["GET"]}}],"collection":[{"href":"https:\/\/agora.xtec.cat\/institutmontserratroig\/wp-json\/wp\/v2\/posts"}],"about":[{"href":"https:\/\/agora.xtec.cat\/institutmontserratroig\/wp-json\/wp\/v2\/types\/post"}],"author":[{"embeddable":true,"href":"https:\/\/agora.xtec.cat\/institutmontserratroig\/wp-json\/wp\/v2\/users\/1"}],"replies":[{"embeddable":true,"href":"https:\/\/agora.xtec.cat\/institutmontserratroig\/wp-json\/wp\/v2\/comments?post=18518"}],"version-history":[{"count":4,"href":"https:\/\/agora.xtec.cat\/institutmontserratroig\/wp-json\/wp\/v2\/posts\/18518\/revisions"}],"predecessor-version":[{"id":18524,"href":"https:\/\/agora.xtec.cat\/institutmontserratroig\/wp-json\/wp\/v2\/posts\/18518\/revisions\/18524"}],"wp:featuredmedia":[{"embeddable":true,"href":"https:\/\/agora.xtec.cat\/institutmontserratroig\/wp-json\/wp\/v2\/media\/18522"}],"wp:attachment":[{"href":"https:\/\/agora.xtec.cat\/institutmontserratroig\/wp-json\/wp\/v2\/media?parent=18518"}],"wp:term":[{"taxonomy":"category","embeddable":true,"href":"https:\/\/agora.xtec.cat\/institutmontserratroig\/wp-json\/wp\/v2\/categories?post=18518"},{"taxonomy":"post_tag","embeddable":true,"href":"https:\/\/agora.xtec.cat\/institutmontserratroig\/wp-json\/wp\/v2\/tags?post=18518"}],"curies":[{"name":"wp","href":"https:\/\/api.w.org\/{rel}","templated":true}]}}