{"id":18425,"date":"2020-05-27T22:00:50","date_gmt":"2020-05-27T20:00:50","guid":{"rendered":"https:\/\/agora.xtec.cat\/institutmontserratroig\/?p=18425"},"modified":"2020-05-27T22:12:36","modified_gmt":"2020-05-27T20:12:36","slug":"la-llibertat-de-cada-dia","status":"publish","type":"post","link":"https:\/\/agora.xtec.cat\/institutmontserratroig\/portada\/la-llibertat-de-cada-dia\/","title":{"rendered":"La llibertat de cada dia"},"content":{"rendered":"<p style=\"text-align: justify;\">La visibilitzaci\u00f3 i el treball des de la perspectiva de la diversitat identit\u00e0ria, de prefer\u00e8ncia sexual i d&#8217;expressi\u00f3 de g\u00e8nere va comen\u00e7ar a agafar envergadura amb la iniciativa de l*s alumnes. Des de llavors, assumim com a comprom\u00eds transformar-nos i transformar perqu\u00e8 el que ens resulta inassumible \u00e9s el dolor imposat i la dificultat en fer-nos feli\u00e7os, les traves en estimar-se i estimar lliurement ide forma tranquil\u00b7la, apassionada o com es desitgi.<\/p>\n<p style=\"text-align: justify;\">A la declaraci\u00f3 d&#8217;independ\u00e8ncia dels EEUU hi descrivien la recerca de la felicitat com un dret inalienable. Andr\u00e9 Comte-Sponville descriu la felicitat com un acte creatiu. Aix\u00ed doncs, m\u00e9s que vincular-la als videojocs, com la fita a aconseguir mentre passem pantalles, veiem la felicitat com un acte creatiu i col\u00b7lectiu, la felicitat d&#8217;un \u00e9s responsabilitat de tot*s.<\/p>\n<p style=\"text-align: justify;\">Perqu\u00e8 viure sense referents \u00e9s esgotador i dif\u00edcil, perqu\u00e8 tenim molt a imaginar i perqu\u00e8 l&#8217;alumnat puja cada vegada m\u00e9s lliure i amb m\u00e9s per mostrar-nos i ensenyar-nos, pengem aquests tres v\u00eddeos. La llibertat, la igualtat en la diversitat, la celebraci\u00f3 de l&#8217;amor i el coratge de gosar poder ser qui es desitja esdevenir transcendeix el llindar dels dies, de les setmanes, del temps, transformant-se, com deia George Moustaki, en una revoluci\u00f3 permanent.<\/p>\n<table style=\"width: 100%; border: none;\">\n<tbody>\n<tr>\n<td style=\"text-align: center; border: none;\"><iframe loading=\"lazy\" src=\"https:\/\/www.youtube.com\/embed\/t8loDYayaE0\" width=\"337\" height=\"190\" frameborder=\"0\"><span data-mce-type=\"bookmark\" style=\"display: inline-block; width: 0px; overflow: hidden; line-height: 0;\" class=\"mce_SELRES_start\">\ufeff<\/span><\/iframe><\/td>\n<td style=\"text-align: center; border: none;\"><iframe loading=\"lazy\" src=\"https:\/\/www.youtube.com\/embed\/XH6JKp6wlu0\" width=\"337\" height=\"190\" frameborder=\"0\"><span data-mce-type=\"bookmark\" style=\"display: inline-block; width: 0px; overflow: hidden; line-height: 0;\" class=\"mce_SELRES_start\">\ufeff<\/span><\/iframe><\/td>\n<td style=\"text-align: center; border: none;\"><iframe loading=\"lazy\" src=\"https:\/\/www.youtube.com\/embed\/hax04H351Cc\" width=\"337\" height=\"190\" frameborder=\"0\"><span data-mce-type=\"bookmark\" style=\"display: inline-block; width: 0px; overflow: hidden; line-height: 0;\" class=\"mce_SELRES_start\">\ufeff<\/span><\/iframe><\/td>\n<\/tr>\n<\/tbody>\n<tbody>\n<tr>\n<th style=\"text-align: center;\">Referents l\u00e8sbics<\/th>\n<th style=\"text-align: center;\">#Te lo imaginas!<\/th>\n<th style=\"text-align: center;\">3ESO contrastant prejudicis<\/th>\n<\/tr>\n<\/tbody>\n<\/table>\n","protected":false},"excerpt":{"rendered":"<p>La visibilitzaci\u00f3 i el treball des de la perspectiva de la diversitat identit\u00e0ria, de prefer\u00e8ncia sexual i d&#8217;expressi\u00f3 de g\u00e8nere va comen\u00e7ar a agafar envergadura amb la iniciativa de l*s alumnes. Des de llavors, assumim com a comprom\u00eds transformar-nos i transformar perqu\u00e8 el que ens&hellip;  <a href=\"https:\/\/agora.xtec.cat\/institutmontserratroig\/portada\/la-llibertat-de-cada-dia\/\" title=\"Read La llibertat de cada dia\">Llegeix m\u00e9s\u00bb<\/a><\/p>\n","protected":false},"author":1,"featured_media":18428,"comment_status":"open","ping_status":"closed","sticky":false,"template":"","format":"standard","meta":{"_bbp_topic_count":0,"_bbp_reply_count":0,"_bbp_total_topic_count":0,"_bbp_total_reply_count":0,"_bbp_voice_count":0,"_bbp_anonymous_reply_count":0,"_bbp_topic_count_hidden":0,"_bbp_reply_count_hidden":0,"_bbp_forum_subforum_count":0,"footnotes":""},"categories":[305,325,29],"tags":[341],"class_list":["post-18425","post","type-post","status-publish","format-standard","has-post-thumbnail","hentry","category-curs-2019-20","category-ins-montserrat-roig","category-portada","tag-setmana-lgttbiqa"],"post_mailing_queue_ids":[],"_links":{"self":[{"href":"https:\/\/agora.xtec.cat\/institutmontserratroig\/wp-json\/wp\/v2\/posts\/18425","targetHints":{"allow":["GET"]}}],"collection":[{"href":"https:\/\/agora.xtec.cat\/institutmontserratroig\/wp-json\/wp\/v2\/posts"}],"about":[{"href":"https:\/\/agora.xtec.cat\/institutmontserratroig\/wp-json\/wp\/v2\/types\/post"}],"author":[{"embeddable":true,"href":"https:\/\/agora.xtec.cat\/institutmontserratroig\/wp-json\/wp\/v2\/users\/1"}],"replies":[{"embeddable":true,"href":"https:\/\/agora.xtec.cat\/institutmontserratroig\/wp-json\/wp\/v2\/comments?post=18425"}],"version-history":[{"count":3,"href":"https:\/\/agora.xtec.cat\/institutmontserratroig\/wp-json\/wp\/v2\/posts\/18425\/revisions"}],"predecessor-version":[{"id":18429,"href":"https:\/\/agora.xtec.cat\/institutmontserratroig\/wp-json\/wp\/v2\/posts\/18425\/revisions\/18429"}],"wp:featuredmedia":[{"embeddable":true,"href":"https:\/\/agora.xtec.cat\/institutmontserratroig\/wp-json\/wp\/v2\/media\/18428"}],"wp:attachment":[{"href":"https:\/\/agora.xtec.cat\/institutmontserratroig\/wp-json\/wp\/v2\/media?parent=18425"}],"wp:term":[{"taxonomy":"category","embeddable":true,"href":"https:\/\/agora.xtec.cat\/institutmontserratroig\/wp-json\/wp\/v2\/categories?post=18425"},{"taxonomy":"post_tag","embeddable":true,"href":"https:\/\/agora.xtec.cat\/institutmontserratroig\/wp-json\/wp\/v2\/tags?post=18425"}],"curies":[{"name":"wp","href":"https:\/\/api.w.org\/{rel}","templated":true}]}}