{"id":18161,"date":"2020-04-19T14:21:42","date_gmt":"2020-04-19T12:21:42","guid":{"rendered":"https:\/\/agora.xtec.cat\/institutmontserratroig\/?p=18161"},"modified":"2020-04-19T14:25:17","modified_gmt":"2020-04-19T12:25:17","slug":"el-rebost-solidari-en-ple-funcionament","status":"publish","type":"post","link":"https:\/\/agora.xtec.cat\/institutmontserratroig\/portada\/el-rebost-solidari-en-ple-funcionament\/","title":{"rendered":"El rebost solidari, en ple funcionament"},"content":{"rendered":"<p style=\"text-align: justify;\"><img loading=\"lazy\" decoding=\"async\" class=\"aligncenter wp-image-18162 size-full\" src=\"https:\/\/agora.xtec.cat\/institutmontserratroig\/wp-content\/uploads\/usu342\/2020\/04\/Captura-de-Pantalla-2020-04-19-a-les-14.18.41.png\" alt=\"\" width=\"550\" height=\"307\" srcset=\"https:\/\/agora.xtec.cat\/institutmontserratroig\/wp-content\/uploads\/usu342\/2020\/04\/Captura-de-Pantalla-2020-04-19-a-les-14.18.41.png 550w, https:\/\/agora.xtec.cat\/institutmontserratroig\/wp-content\/uploads\/usu342\/2020\/04\/Captura-de-Pantalla-2020-04-19-a-les-14.18.41-300x167.png 300w\" sizes=\"auto, (max-width: 550px) 100vw, 550px\" \/><br \/>\nEl Rebost Solidari de Gr\u00e0cia ja est\u00e0 en funcionament. El local, cedit per l\u2019Ajuntament, es troba al carrer de Reig i Bonet n\u00famero 12 obre al p\u00fablic dos dies a la setmana: dimarts (de 10 a 14 h i de 16 a 20 h) i dijous (de 10 a 20 h).<\/p>\n<h5 style=\"text-align: center;\"><a href=\"https:\/\/ajuntament.barcelona.cat\/gracia\/ca\/noticia\/el-rebost-solidari-en-ple-funcionament_900498\" target=\"_blank\" rel=\"noopener noreferrer\">M\u00e9s informaci\u00f3 a la web<\/a><\/h5>\n<p>Rebost solidari:<\/p>\n<blockquote><p>El Rebost Solidari de Gr\u00e0cia \u00e9s un projecte ve\u00efnal de Gr\u00e0cia Participa. Fa nom\u00e9s tres mesos que des de la nostra xarxa solid\u00e0ria vam aconseguir obrir el petit economat social del carrer Reig i Bonet 12. I poc ens pod\u00edem imaginar que el petit rebost acabaria sent un important punt de distribuci\u00f3 d&#8217;aliments entre les persones m\u00e9s vulnerades durant aquesta crisi sanit\u00e0ria que tamb\u00e9 ho \u00e9s, i molt, de social. El Rebost Solidari de Gr\u00e0cia tenia 673 persones derivades des de serveis socials del districte durant les primeres setmanes, i des de que es va decretar el confinament per la covid19 hem multiplicat en un 150 per cent les demandes. Avui, a banda de les persones derivades tamb\u00e9 estem ajudant a la comunitat gitana dels nostres barris, a dones migrades i les seves fam\u00edlies i altres col\u00b7lectius, molts de dones, que pateixen l&#8217;impacte d&#8217;aquesta crisi social en primera persona.<\/p>\n<p>Per a qualsevol informaci\u00f3 o ajut necessiteu ja sabeu on trobar-nos.<\/p><\/blockquote>\n","protected":false},"excerpt":{"rendered":"<p>El Rebost Solidari de Gr\u00e0cia ja est\u00e0 en funcionament. El local, cedit per l\u2019Ajuntament, es troba al carrer de Reig i Bonet n\u00famero 12 obre al p\u00fablic dos dies a la setmana: dimarts (de 10 a 14 h i de 16 a 20 h) i&hellip;  <a href=\"https:\/\/agora.xtec.cat\/institutmontserratroig\/portada\/el-rebost-solidari-en-ple-funcionament\/\" title=\"Read El rebost solidari, en ple funcionament\">Llegeix m\u00e9s\u00bb<\/a><\/p>\n","protected":false},"author":1,"featured_media":18162,"comment_status":"open","ping_status":"closed","sticky":false,"template":"","format":"standard","meta":{"_bbp_topic_count":0,"_bbp_reply_count":0,"_bbp_total_topic_count":0,"_bbp_total_reply_count":0,"_bbp_voice_count":0,"_bbp_anonymous_reply_count":0,"_bbp_topic_count_hidden":0,"_bbp_reply_count_hidden":0,"_bbp_forum_subforum_count":0,"footnotes":""},"categories":[305,325,29],"tags":[337],"class_list":["post-18161","post","type-post","status-publish","format-standard","has-post-thumbnail","hentry","category-curs-2019-20","category-ins-montserrat-roig","category-portada","tag-confinament"],"post_mailing_queue_ids":[],"_links":{"self":[{"href":"https:\/\/agora.xtec.cat\/institutmontserratroig\/wp-json\/wp\/v2\/posts\/18161","targetHints":{"allow":["GET"]}}],"collection":[{"href":"https:\/\/agora.xtec.cat\/institutmontserratroig\/wp-json\/wp\/v2\/posts"}],"about":[{"href":"https:\/\/agora.xtec.cat\/institutmontserratroig\/wp-json\/wp\/v2\/types\/post"}],"author":[{"embeddable":true,"href":"https:\/\/agora.xtec.cat\/institutmontserratroig\/wp-json\/wp\/v2\/users\/1"}],"replies":[{"embeddable":true,"href":"https:\/\/agora.xtec.cat\/institutmontserratroig\/wp-json\/wp\/v2\/comments?post=18161"}],"version-history":[{"count":3,"href":"https:\/\/agora.xtec.cat\/institutmontserratroig\/wp-json\/wp\/v2\/posts\/18161\/revisions"}],"predecessor-version":[{"id":18166,"href":"https:\/\/agora.xtec.cat\/institutmontserratroig\/wp-json\/wp\/v2\/posts\/18161\/revisions\/18166"}],"wp:featuredmedia":[{"embeddable":true,"href":"https:\/\/agora.xtec.cat\/institutmontserratroig\/wp-json\/wp\/v2\/media\/18162"}],"wp:attachment":[{"href":"https:\/\/agora.xtec.cat\/institutmontserratroig\/wp-json\/wp\/v2\/media?parent=18161"}],"wp:term":[{"taxonomy":"category","embeddable":true,"href":"https:\/\/agora.xtec.cat\/institutmontserratroig\/wp-json\/wp\/v2\/categories?post=18161"},{"taxonomy":"post_tag","embeddable":true,"href":"https:\/\/agora.xtec.cat\/institutmontserratroig\/wp-json\/wp\/v2\/tags?post=18161"}],"curies":[{"name":"wp","href":"https:\/\/api.w.org\/{rel}","templated":true}]}}