{"id":18153,"date":"2020-04-16T18:20:03","date_gmt":"2020-04-16T16:20:03","guid":{"rendered":"https:\/\/agora.xtec.cat\/institutmontserratroig\/?p=18153"},"modified":"2020-04-16T20:45:02","modified_gmt":"2020-04-16T18:45:02","slug":"in-memoriam-pep-bujosa","status":"publish","type":"post","link":"https:\/\/agora.xtec.cat\/institutmontserratroig\/portada\/in-memoriam-pep-bujosa\/","title":{"rendered":"In Memoriam Pep Bujosa"},"content":{"rendered":"<blockquote>\n<p style=\"text-align: right;\">La terra cobra el delme. No parlem,<br \/>\nper\u00f2, dels morts i fem-nos lentament<br \/>\nal pensament que alguna cosa d\u2019ells<br \/>\n\u00e9s molt a prop.<\/p>\n<p style=\"text-align: right;\">Visquem-ne acompanyats<br \/>\ncom si nom\u00e9s ens depart\u00eds una paret de fum<br \/>\nque priva sols de veure\u2019ns. Llur silenci<br \/>\nse&#8217;ns fa sensible, de vegades,<br \/>\nintensament, en un record.<\/p>\n<p style=\"text-align: right;\">Fragment de \u201cEl silenci dels morts\u201d de Joan Vinyoli<\/p>\n<\/blockquote>\n<p style=\"text-align: justify;\">Avui ens ha deixat en Pep Bujosa, antic professor de matem\u00e0tiques de l\u2019institut. Tots els que l\u2019hem conegut recordem la seva figura imponent, el seu vitalisme, la seva curiositat intel\u00b7lectual, la seva energia i tamb\u00e9 la passi\u00f3 amb qu\u00e8 mirava de transmetre tot el seu saber.<\/p>\n<p style=\"text-align: justify;\">En Pep era un home pluridisciplinari, tot un referent: professor de matem\u00e0tiques i d\u2019inform\u00e0tica, impulsor del GeoGebra, era capa\u00e7 de parlar amb el mateix entusiasme d\u2019aquest programari (la nineta dels seus ulls) que de m\u00fasica i, sobretot, de teatre, perqu\u00e8 en Pep havia vist tant de teatre que n\u2019havia esdevingut un expert i ens recomanava obres per despr\u00e9s poder comentar-les, perqu\u00e8 a en Pep tamb\u00e9 li agradava molt xerrar. Darrerament, ens explicava com gaudia amb els cursos als quals assistia, amb els viatges que feia&#8230; i \u00e9s que, tot i que s\u2019havia jubilat, tenia el seu temps ben organitzat, l\u2019agenda sempre atape\u00efda d\u2019esdeveniments ben diversos.<\/p>\n<p style=\"text-align: justify;\">Avui, Pep, ens has deixat una mica orfes. Ad\u00e9u, mestre, company, amic. El tel\u00f3 s\u2019ha abaixat definitivament. Silenci.<\/p>\n","protected":false},"excerpt":{"rendered":"<p>La terra cobra el delme. No parlem,<br \/>\nper\u00f2, dels morts i fem-nos lentament<br \/>\nal pensament que alguna cosa d\u2019ells<br \/>\n\u00e9s molt a prop.<br \/>\nVisquem-ne acompanyats<br \/>\ncom si nom\u00e9s ens depart\u00eds una paret de fum<br \/>\nque priva sols de veure\u2019ns. Llur silenci<br \/>\nse&#8217;ns fa sensible, de vegades,<br \/>\nintensament, en un record.<br \/>\nFragment de \u201cEl silenci&hellip;  <a href=\"https:\/\/agora.xtec.cat\/institutmontserratroig\/portada\/in-memoriam-pep-bujosa\/\" title=\"Read In Memoriam Pep Bujosa\">Llegeix m\u00e9s\u00bb<\/a><\/p>\n","protected":false},"author":1,"featured_media":18157,"comment_status":"open","ping_status":"closed","sticky":false,"template":"","format":"standard","meta":{"_bbp_topic_count":0,"_bbp_reply_count":0,"_bbp_total_topic_count":0,"_bbp_total_reply_count":0,"_bbp_voice_count":0,"_bbp_anonymous_reply_count":0,"_bbp_topic_count_hidden":0,"_bbp_reply_count_hidden":0,"_bbp_forum_subforum_count":0,"footnotes":""},"categories":[305,325,29],"tags":[],"class_list":["post-18153","post","type-post","status-publish","format-standard","has-post-thumbnail","hentry","category-curs-2019-20","category-ins-montserrat-roig","category-portada"],"post_mailing_queue_ids":[],"_links":{"self":[{"href":"https:\/\/agora.xtec.cat\/institutmontserratroig\/wp-json\/wp\/v2\/posts\/18153","targetHints":{"allow":["GET"]}}],"collection":[{"href":"https:\/\/agora.xtec.cat\/institutmontserratroig\/wp-json\/wp\/v2\/posts"}],"about":[{"href":"https:\/\/agora.xtec.cat\/institutmontserratroig\/wp-json\/wp\/v2\/types\/post"}],"author":[{"embeddable":true,"href":"https:\/\/agora.xtec.cat\/institutmontserratroig\/wp-json\/wp\/v2\/users\/1"}],"replies":[{"embeddable":true,"href":"https:\/\/agora.xtec.cat\/institutmontserratroig\/wp-json\/wp\/v2\/comments?post=18153"}],"version-history":[{"count":3,"href":"https:\/\/agora.xtec.cat\/institutmontserratroig\/wp-json\/wp\/v2\/posts\/18153\/revisions"}],"predecessor-version":[{"id":18158,"href":"https:\/\/agora.xtec.cat\/institutmontserratroig\/wp-json\/wp\/v2\/posts\/18153\/revisions\/18158"}],"wp:featuredmedia":[{"embeddable":true,"href":"https:\/\/agora.xtec.cat\/institutmontserratroig\/wp-json\/wp\/v2\/media\/18157"}],"wp:attachment":[{"href":"https:\/\/agora.xtec.cat\/institutmontserratroig\/wp-json\/wp\/v2\/media?parent=18153"}],"wp:term":[{"taxonomy":"category","embeddable":true,"href":"https:\/\/agora.xtec.cat\/institutmontserratroig\/wp-json\/wp\/v2\/categories?post=18153"},{"taxonomy":"post_tag","embeddable":true,"href":"https:\/\/agora.xtec.cat\/institutmontserratroig\/wp-json\/wp\/v2\/tags?post=18153"}],"curies":[{"name":"wp","href":"https:\/\/api.w.org\/{rel}","templated":true}]}}