{"id":18059,"date":"2020-04-01T20:36:10","date_gmt":"2020-04-01T18:36:10","guid":{"rendered":"https:\/\/agora.xtec.cat\/institutmontserratroig\/?p=18059"},"modified":"2020-04-05T23:57:54","modified_gmt":"2020-04-05T21:57:54","slug":"nou-calendari-de-les-proves-dacces-a-la-universitat","status":"publish","type":"post","link":"https:\/\/agora.xtec.cat\/institutmontserratroig\/portada\/nou-calendari-de-les-proves-dacces-a-la-universitat\/","title":{"rendered":"Nou calendari de les proves d&#8217;acc\u00e9s a la universitat"},"content":{"rendered":"<p style=\"text-align: justify;\">El Govern i les universitats de Catalunya han acordat, en el marc del Consell Interuniversitari de Catalunya (CIC), les noves dates de celebraci\u00f3 de les diferents proves d\u2019acc\u00e9s a la universitat, en la seva convocat\u00f2ria ordin\u00e0ria.<\/p>\n<p style=\"text-align: justify;\">L&#8217;ajornament generalitzat del calendari es pren davant l&#8217;actual situaci\u00f3 excepcional d&#8217;emerg\u00e8ncia sanit\u00e0ria, per tal de minimitzar el risc de contagi per coronavirus COVID-19 entre la poblaci\u00f3. En aquest sentit, cal subratllar que <strong>el calendari aprovat queda supeditat a possibles noves mesures que puguin adoptar les autoritats competents<\/strong> en relaci\u00f3 amb aquesta pand\u00e8mia.<\/p>\n<p style=\"text-align: justify;\">Aix\u00ed mateix, el nou calendari permet garantir que l&#8217;alumnat accedeixi a la universitat respectant els principis d&#8217;igualtat, m\u00e8rit i capacitat que sempre -i tamb\u00e9 en circumst\u00e0ncies excepcionals- han de regir l&#8217;acc\u00e9s i l&#8217;admissi\u00f3 als estudis universitaris.<\/p>\n<h4 style=\"text-align: justify;\">El nou calendari de les proves d&#8217;acc\u00e9s a la universitat \u00e9s el seg\u00fcent:<\/h4>\n<p style=\"text-align: justify; padding-left: 40px;\"><strong>Prova d&#8217;acc\u00e9s a la universitat (PAU). Convocat\u00f2ria ordin\u00e0ria:<\/strong><\/p>\n<p style=\"text-align: justify; padding-left: 40px;\">Dimarts 7, dimecres 8 i dijous 9 de juliol de 2020<\/p>\n<p style=\"text-align: justify; padding-left: 40px;\"><strong>Prova d&#8217;aptitud personal (PAP) per a l&#8217;acc\u00e9s als graus en Educaci\u00f3 Infantil i en Educaci\u00f3 Prim\u00e0ria. Convocat\u00f2ria ordin\u00e0ria:<\/strong><\/p>\n<p style=\"text-align: justify; padding-left: 40px;\">Divendres, 19 de juny de 2020<\/p>\n<p style=\"text-align: justify;\">A partir d&#8217;aquestes noves dates, i en funci\u00f3 de l&#8217;evoluci\u00f3 de la situaci\u00f3 actual, s&#8217;establir\u00e0 un nou calendari de tr\u00e0mits, el qual es comunicar\u00e0 oportunament.<\/p>\n","protected":false},"excerpt":{"rendered":"<p>El Govern i les universitats de Catalunya han acordat, en el marc del Consell Interuniversitari de Catalunya (CIC), les noves dates de celebraci\u00f3 de les diferents proves d\u2019acc\u00e9s a la universitat, en la seva convocat\u00f2ria ordin\u00e0ria.<br \/>\nL&#8217;ajornament generalitzat del calendari es pren davant l&#8217;actual situaci\u00f3 excepcional&hellip;  <a href=\"https:\/\/agora.xtec.cat\/institutmontserratroig\/portada\/nou-calendari-de-les-proves-dacces-a-la-universitat\/\" title=\"Read Nou calendari de les proves d&#8217;acc\u00e9s a la universitat\">Llegeix m\u00e9s\u00bb<\/a><\/p>\n","protected":false},"author":1,"featured_media":0,"comment_status":"open","ping_status":"closed","sticky":false,"template":"","format":"standard","meta":{"_bbp_topic_count":0,"_bbp_reply_count":0,"_bbp_total_topic_count":0,"_bbp_total_reply_count":0,"_bbp_voice_count":0,"_bbp_anonymous_reply_count":0,"_bbp_topic_count_hidden":0,"_bbp_reply_count_hidden":0,"_bbp_forum_subforum_count":0,"footnotes":""},"categories":[67,305,325,29],"tags":[177],"class_list":["post-18059","post","type-post","status-publish","format-standard","hentry","category-2n-de-batxillerat","category-curs-2019-20","category-ins-montserrat-roig","category-portada","tag-informacio-centre"],"post_mailing_queue_ids":[],"_links":{"self":[{"href":"https:\/\/agora.xtec.cat\/institutmontserratroig\/wp-json\/wp\/v2\/posts\/18059","targetHints":{"allow":["GET"]}}],"collection":[{"href":"https:\/\/agora.xtec.cat\/institutmontserratroig\/wp-json\/wp\/v2\/posts"}],"about":[{"href":"https:\/\/agora.xtec.cat\/institutmontserratroig\/wp-json\/wp\/v2\/types\/post"}],"author":[{"embeddable":true,"href":"https:\/\/agora.xtec.cat\/institutmontserratroig\/wp-json\/wp\/v2\/users\/1"}],"replies":[{"embeddable":true,"href":"https:\/\/agora.xtec.cat\/institutmontserratroig\/wp-json\/wp\/v2\/comments?post=18059"}],"version-history":[{"count":2,"href":"https:\/\/agora.xtec.cat\/institutmontserratroig\/wp-json\/wp\/v2\/posts\/18059\/revisions"}],"predecessor-version":[{"id":18065,"href":"https:\/\/agora.xtec.cat\/institutmontserratroig\/wp-json\/wp\/v2\/posts\/18059\/revisions\/18065"}],"wp:attachment":[{"href":"https:\/\/agora.xtec.cat\/institutmontserratroig\/wp-json\/wp\/v2\/media?parent=18059"}],"wp:term":[{"taxonomy":"category","embeddable":true,"href":"https:\/\/agora.xtec.cat\/institutmontserratroig\/wp-json\/wp\/v2\/categories?post=18059"},{"taxonomy":"post_tag","embeddable":true,"href":"https:\/\/agora.xtec.cat\/institutmontserratroig\/wp-json\/wp\/v2\/tags?post=18059"}],"curies":[{"name":"wp","href":"https:\/\/api.w.org\/{rel}","templated":true}]}}