{"id":18045,"date":"2020-04-01T11:41:11","date_gmt":"2020-04-01T09:41:11","guid":{"rendered":"https:\/\/agora.xtec.cat\/institutmontserratroig\/?p=18045"},"modified":"2020-10-30T22:39:56","modified_gmt":"2020-10-30T21:39:56","slug":"us-animeu-a-fer-un-curt","status":"publish","type":"post","link":"https:\/\/agora.xtec.cat\/institutmontserratroig\/portada\/us-animeu-a-fer-un-curt\/","title":{"rendered":"Us animeu a fer un curt?"},"content":{"rendered":"<h2 style=\"text-align: center;\">Concurs de curts per a petits i joves creadors<\/h2>\n<p style=\"text-align: justify;\">Amb l&#8217;objectiu que als m\u00e9s joves de la casa se&#8217;ls faci m\u00e9s suportable el confinament, la Fundaci\u00f3 SGAE convoca el Concurs de curts per a petits i joves creadors. &#8220;Jo em quedo a casa&#8230; creant&#8221;, que premiar\u00e0 peces audiovisuals, de menys de tres (3) minuts de durada, realitzades en fam\u00edlia durant els dies de confinament.<\/p>\n<p><a href=\"http:\/\/www.fundacionsgae.org\/es-ES\/SitePages\/Programacion_Taller.aspx?i=1662&amp;s=4\" target=\"_blank\" rel=\"noopener noreferrer\"><img loading=\"lazy\" decoding=\"async\" class=\"aligncenter wp-image-17598\" src=\"https:\/\/agora.xtec.cat\/institutmontserratroig\/wp-content\/uploads\/usu342\/2020\/02\/information-gif.gif\" alt=\"\" width=\"75\" height=\"75\" \/><\/a><\/p>\n<h2 style=\"text-align: center;\"><a href=\"http:\/\/www.fundacionsgae.org\/es-ES\/SitePages\/Programacion_Taller.aspx?i=1662&amp;s=4\" target=\"_blank\" rel=\"noopener noreferrer\">Tota la informaci\u00f3 necess\u00e0ria en aquest enlla\u00e7<\/a><\/h2>\n","protected":false},"excerpt":{"rendered":"<p>Concurs de curts per a petits i joves creadors<br \/>\nAmb l&#8217;objectiu que als m\u00e9s joves de la casa se&#8217;ls faci m\u00e9s suportable el confinament, la Fundaci\u00f3 SGAE convoca el Concurs de curts per a petits i joves creadors. &#8220;Jo em quedo a casa&#8230; creant&#8221;, que premiar\u00e0&hellip;  <a href=\"https:\/\/agora.xtec.cat\/institutmontserratroig\/portada\/us-animeu-a-fer-un-curt\/\" title=\"Read Us animeu a fer un curt?\">Llegeix m\u00e9s\u00bb<\/a><\/p>\n","protected":false},"author":1,"featured_media":18047,"comment_status":"open","ping_status":"closed","sticky":false,"template":"","format":"standard","meta":{"_bbp_topic_count":0,"_bbp_reply_count":0,"_bbp_total_topic_count":0,"_bbp_total_reply_count":0,"_bbp_voice_count":0,"_bbp_anonymous_reply_count":0,"_bbp_topic_count_hidden":0,"_bbp_reply_count_hidden":0,"_bbp_forum_subforum_count":0,"footnotes":""},"categories":[305,325,29],"tags":[346,337],"class_list":["post-18045","post","type-post","status-publish","format-standard","has-post-thumbnail","hentry","category-curs-2019-20","category-ins-montserrat-roig","category-portada","tag-concurs","tag-confinament"],"post_mailing_queue_ids":[],"_links":{"self":[{"href":"https:\/\/agora.xtec.cat\/institutmontserratroig\/wp-json\/wp\/v2\/posts\/18045","targetHints":{"allow":["GET"]}}],"collection":[{"href":"https:\/\/agora.xtec.cat\/institutmontserratroig\/wp-json\/wp\/v2\/posts"}],"about":[{"href":"https:\/\/agora.xtec.cat\/institutmontserratroig\/wp-json\/wp\/v2\/types\/post"}],"author":[{"embeddable":true,"href":"https:\/\/agora.xtec.cat\/institutmontserratroig\/wp-json\/wp\/v2\/users\/1"}],"replies":[{"embeddable":true,"href":"https:\/\/agora.xtec.cat\/institutmontserratroig\/wp-json\/wp\/v2\/comments?post=18045"}],"version-history":[{"count":3,"href":"https:\/\/agora.xtec.cat\/institutmontserratroig\/wp-json\/wp\/v2\/posts\/18045\/revisions"}],"predecessor-version":[{"id":18050,"href":"https:\/\/agora.xtec.cat\/institutmontserratroig\/wp-json\/wp\/v2\/posts\/18045\/revisions\/18050"}],"wp:featuredmedia":[{"embeddable":true,"href":"https:\/\/agora.xtec.cat\/institutmontserratroig\/wp-json\/wp\/v2\/media\/18047"}],"wp:attachment":[{"href":"https:\/\/agora.xtec.cat\/institutmontserratroig\/wp-json\/wp\/v2\/media?parent=18045"}],"wp:term":[{"taxonomy":"category","embeddable":true,"href":"https:\/\/agora.xtec.cat\/institutmontserratroig\/wp-json\/wp\/v2\/categories?post=18045"},{"taxonomy":"post_tag","embeddable":true,"href":"https:\/\/agora.xtec.cat\/institutmontserratroig\/wp-json\/wp\/v2\/tags?post=18045"}],"curies":[{"name":"wp","href":"https:\/\/api.w.org\/{rel}","templated":true}]}}