{"id":17957,"date":"2020-03-21T13:26:15","date_gmt":"2020-03-21T12:26:15","guid":{"rendered":"https:\/\/agora.xtec.cat\/institutmontserratroig\/?p=17957"},"modified":"2020-10-30T22:40:40","modified_gmt":"2020-10-30T21:40:40","slug":"com-fina-ment-afinem-la-ment-i-compartim-creativament","status":"publish","type":"post","link":"https:\/\/agora.xtec.cat\/institutmontserratroig\/eso\/com-fina-ment-afinem-la-ment-i-compartim-creativament\/","title":{"rendered":"COM FINA MENT. Afinem la ment i compartim creativament?"},"content":{"rendered":"<p><a href=\"https:\/\/agora.xtec.cat\/institutmontserratroig\/wp-content\/uploads\/usu342\/2020\/03\/IMG-20200321-WA0008.jpg\"><img loading=\"lazy\" decoding=\"async\" class=\"wp-image-17958 alignright\" title=\"Miquel Bras\u00f3 i Rius (mag, actor, professor i malabarista de l'humor) Foto: Alba Millaruelo (actriu, professora de teatre, multiofici de superviv\u00e8ncia i malabarista de l'humor)\" src=\"https:\/\/agora.xtec.cat\/institutmontserratroig\/wp-content\/uploads\/usu342\/2020\/03\/IMG-20200321-WA0008-225x300.jpg\" alt=\"\" width=\"230\" height=\"307\" srcset=\"https:\/\/agora.xtec.cat\/institutmontserratroig\/wp-content\/uploads\/usu342\/2020\/03\/IMG-20200321-WA0008-225x300.jpg 225w, https:\/\/agora.xtec.cat\/institutmontserratroig\/wp-content\/uploads\/usu342\/2020\/03\/IMG-20200321-WA0008-768x1024.jpg 768w, https:\/\/agora.xtec.cat\/institutmontserratroig\/wp-content\/uploads\/usu342\/2020\/03\/IMG-20200321-WA0008.jpg 1200w\" sizes=\"auto, (max-width: 230px) 100vw, 230px\" \/><\/a><\/p>\n<p style=\"text-align: justify;\">El que proposem \u00e9s i no \u00e9s un concurs. No hi ha un jurat extern que valori. Seran les mateixes persones que hi participin que podran compartir les sensacions que els despertin les altres creacions i valorar quines creuen que poden oferir-se al p\u00fablic en general penjant-se a la web i\/o mitjan\u00e7ant una exposici\u00f3 a l&#8217;institut a la tornada.<\/p>\n<p style=\"text-align: justify;\">L&#8217;objectiu principal d&#8217;aquesta proposta \u00e9s recuperar l&#8217;art i la creativitat com un impuls creatiu col\u00b7lectiu i per a la col\u00b7lectivitat. L&#8217;art no s\u00f3n nom\u00e9s persones a\u00efllades escrivint textos que no s&#8217;entenen sense tesis doctorals, l&#8217;art tamb\u00e9 \u00e9s l&#8217;impuls, el gest d&#8217;alg\u00fa que es diu, que s&#8217;impulsa des de l&#8217;\u00e8poca que viu i all\u00f2 que li passa. Vivim en una \u00e8poca, tamb\u00e9, en qu\u00e8 s&#8217;evita i es conquereix l&#8217;avorriment, i voldr\u00edem aprofitar per valorar-lo com a mat\u00e8ria primera per la investigaci\u00f3, la creativiat, la transformaci\u00f3.<\/p>\n<p style=\"text-align: justify;\">El que proposem, doncs, \u00e9s i no \u00e9s un concurs, \u00e9s un oferir excuses art\u00edstiques perqu\u00e8 aprofiteu aquests dies i us impulseu creativament, transformant-vos a vosaltres, el vostre entorn i aquell entorn que encara no coneixeu.<\/p>\n<table style=\"width: 100%;\">\n<tbody>\n<tr>\n<td style=\"width: 50%;\">\n<p style=\"text-align: center;\">Cal presentar les propostes al correu-e<\/p>\n<h4 style=\"text-align: center;\"><a href=\"mailto:com.fina.ment@gmail.com\">com.fina.ment@gmail.com<\/a><\/h4>\n<\/td>\n<td style=\"width: 50%;\">\n<h3 style=\"text-align: center;\"><a href=\"https:\/\/drive.google.com\/open?id=1-ZItV4GtCacISR_4ATDknW1wugaWVEYN\" target=\"_blank\" rel=\"noopener noreferrer\">Bases del &#8220;concurs&#8221;<\/a><\/h3>\n<\/td>\n<\/tr>\n<\/tbody>\n<\/table>\n","protected":false},"excerpt":{"rendered":"<p><a href=\"https:\/\/agora.xtec.cat\/institutmontserratroig\/wp-content\/uploads\/usu342\/2020\/03\/IMG-20200321-WA0008.jpg\"><\/a><br \/>\nEl que proposem \u00e9s i no \u00e9s un concurs. No hi ha un jurat extern que valori. Seran les mateixes persones que hi participin que podran compartir les sensacions que els despertin les altres creacions i valorar quines creuen que poden oferir-se al p\u00fablic&hellip;  <a href=\"https:\/\/agora.xtec.cat\/institutmontserratroig\/eso\/com-fina-ment-afinem-la-ment-i-compartim-creativament\/\" title=\"Read COM FINA MENT. Afinem la ment i compartim creativament?\">Llegeix m\u00e9s\u00bb<\/a><\/p>\n","protected":false},"author":1,"featured_media":17958,"comment_status":"open","ping_status":"closed","sticky":false,"template":"","format":"standard","meta":{"_bbp_topic_count":0,"_bbp_reply_count":0,"_bbp_total_topic_count":0,"_bbp_total_reply_count":0,"_bbp_voice_count":0,"_bbp_anonymous_reply_count":0,"_bbp_topic_count_hidden":0,"_bbp_reply_count_hidden":0,"_bbp_forum_subforum_count":0,"footnotes":""},"categories":[8,305,3,325,29],"tags":[346,337],"class_list":["post-17957","post","type-post","status-publish","format-standard","has-post-thumbnail","hentry","category-batxillerat","category-curs-2019-20","category-eso","category-ins-montserrat-roig","category-portada","tag-concurs","tag-confinament"],"post_mailing_queue_ids":[],"_links":{"self":[{"href":"https:\/\/agora.xtec.cat\/institutmontserratroig\/wp-json\/wp\/v2\/posts\/17957","targetHints":{"allow":["GET"]}}],"collection":[{"href":"https:\/\/agora.xtec.cat\/institutmontserratroig\/wp-json\/wp\/v2\/posts"}],"about":[{"href":"https:\/\/agora.xtec.cat\/institutmontserratroig\/wp-json\/wp\/v2\/types\/post"}],"author":[{"embeddable":true,"href":"https:\/\/agora.xtec.cat\/institutmontserratroig\/wp-json\/wp\/v2\/users\/1"}],"replies":[{"embeddable":true,"href":"https:\/\/agora.xtec.cat\/institutmontserratroig\/wp-json\/wp\/v2\/comments?post=17957"}],"version-history":[{"count":4,"href":"https:\/\/agora.xtec.cat\/institutmontserratroig\/wp-json\/wp\/v2\/posts\/17957\/revisions"}],"predecessor-version":[{"id":17979,"href":"https:\/\/agora.xtec.cat\/institutmontserratroig\/wp-json\/wp\/v2\/posts\/17957\/revisions\/17979"}],"wp:featuredmedia":[{"embeddable":true,"href":"https:\/\/agora.xtec.cat\/institutmontserratroig\/wp-json\/wp\/v2\/media\/17958"}],"wp:attachment":[{"href":"https:\/\/agora.xtec.cat\/institutmontserratroig\/wp-json\/wp\/v2\/media?parent=17957"}],"wp:term":[{"taxonomy":"category","embeddable":true,"href":"https:\/\/agora.xtec.cat\/institutmontserratroig\/wp-json\/wp\/v2\/categories?post=17957"},{"taxonomy":"post_tag","embeddable":true,"href":"https:\/\/agora.xtec.cat\/institutmontserratroig\/wp-json\/wp\/v2\/tags?post=17957"}],"curies":[{"name":"wp","href":"https:\/\/api.w.org\/{rel}","templated":true}]}}